{"id":12357,"date":"2018-08-21T15:29:00","date_gmt":"2018-08-21T13:29:00","guid":{"rendered":"http:\/\/univet.hu\/2018\/08\/21\/allami-kituntetessel-dijaztak-egyetemunk-munkatarsait\/"},"modified":"2024-12-30T23:09:18","modified_gmt":"2024-12-30T22:09:18","slug":"allami-kituntetessel-dijaztak-egyetemunk-munkatarsait","status":"publish","type":"post","link":"https:\/\/univet.hu\/hu\/2018\/08\/allami-kituntetessel-dijaztak-egyetemunk-munkatarsait\/","title":{"rendered":"\u00c1llami kit\u00fcntet\u00e9ssel d\u00edjazt\u00e1k Egyetem\u00fcnk munkat\u00e1rsait"},"content":{"rendered":"<div> <p>\u00c1der J\u00e1nos, Magyarorsz\u00e1g K\u00f6zt\u00e1rsas\u00e1gi Eln\u00f6k\u00e9nek megb\u00edz\u00e1s\u00e1b\u00f3l, Guly\u00e1s Gergely miniszter, kiemelked\u0151 tev\u00e9kenys\u00e9ge elismer\u00e9sek\u00e9nt <strong>Magyar \u00c9rdemrend Lovagkereszt tisztikereszt\u00a0<\/strong>kit\u00fcntet\u00e9st adott \u00e1t augusztus 20-a alkalm\u00e1b\u00f3l <strong>Dr. G\u00e1lfi P\u00e9ternek<\/strong>, az \u00c1llatorvostudom\u00e1nyi Egyetem rektorhelyettes\u00e9nek.<\/p> <p><strong>Dr. Brydl Endre<\/strong> professzor \u00far Tolnay S\u00e1ndor D\u00edjat kapott Dr. Nagy Istv\u00e1n miniszter \u00fart\u00f3l.<\/p> <p>A kit\u00fcntetetteknek sz\u00edvb\u0151l gratul\u00e1lunk, munk\u00e1jukhoz a tov\u00e1bbiakban is j\u00f3 eg\u00e9szs\u00e9get \u00e9s sok sikert k\u00edv\u00e1nunk.<\/p> <\/div>","protected":false},"excerpt":{"rendered":"<p>Gratul\u00e1lunk Dr. G\u00e1lfi P\u00e9ter rektorhelyettesnek \u00e9s Dr. Brydl Endre professzor \u00farnak<\/p>\n","protected":false},"author":5823,"featured_media":0,"comment_status":"closed","ping_status":"closed","sticky":false,"template":"","format":"standard","meta":{"_acf_changed":false,"footnotes":""},"categories":[4,42],"tags":[],"class_list":["post-12357","post","type-post","status-publish","format-standard","hentry","category-hirek","category-kiemelt"],"acf":[],"_links":{"self":[{"href":"https:\/\/univet.hu\/hu\/wp-json\/wp\/v2\/posts\/12357","targetHints":{"allow":["GET"]}}],"collection":[{"href":"https:\/\/univet.hu\/hu\/wp-json\/wp\/v2\/posts"}],"about":[{"href":"https:\/\/univet.hu\/hu\/wp-json\/wp\/v2\/types\/post"}],"author":[{"embeddable":true,"href":"https:\/\/univet.hu\/hu\/wp-json\/wp\/v2\/users\/5823"}],"replies":[{"embeddable":true,"href":"https:\/\/univet.hu\/hu\/wp-json\/wp\/v2\/comments?post=12357"}],"version-history":[{"count":1,"href":"https:\/\/univet.hu\/hu\/wp-json\/wp\/v2\/posts\/12357\/revisions"}],"predecessor-version":[{"id":171788,"href":"https:\/\/univet.hu\/hu\/wp-json\/wp\/v2\/posts\/12357\/revisions\/171788"}],"wp:attachment":[{"href":"https:\/\/univet.hu\/hu\/wp-json\/wp\/v2\/media?parent=12357"}],"wp:term":[{"taxonomy":"category","embeddable":true,"href":"https:\/\/univet.hu\/hu\/wp-json\/wp\/v2\/categories?post=12357"},{"taxonomy":"post_tag","embeddable":true,"href":"https:\/\/univet.hu\/hu\/wp-json\/wp\/v2\/tags?post=12357"}],"curies":[{"name":"wp","href":"https:\/\/api.w.org\/{rel}","templated":true}]}}