{"id":178637,"date":"2025-04-14T14:54:39","date_gmt":"2025-04-14T12:54:39","guid":{"rendered":"https:\/\/univet.hu\/?p=178637"},"modified":"2025-04-14T15:29:46","modified_gmt":"2025-04-14T13:29:46","slug":"rektori-valasz-nyilt-levelre","status":"publish","type":"post","link":"https:\/\/univet.hu\/hu\/2025\/04\/rektori-valasz-nyilt-levelre\/","title":{"rendered":"Rektori v\u00e1lasz ny\u00edlt lev\u00e9lre"},"content":{"rendered":"<p>Az \u00c1llatorvostudom\u00e1nyi Egyetem Rektori Hivatal\u00e1ba \u00e1prilis 11-\u00e9n, p\u00e9nteken 9.30 perc k\u00f6r\u00fcl az al\u00e1bb k\u00f6zz\u00e9tett ny\u00edlt levelet adta \u00e1t k\u00e9t ismeretlen h\u00f6lgy a Rektori Hivatal el\u0151ad\u00f3j\u00e1nak, n\u00e9v \u00e9s felad\u00f3 megjel\u00f6l\u00e9se n\u00e9lk\u00fcl.<\/p> <p>A ny\u00edlt levelet (a 228 t\u00e1mogat\u00f3 nev\u00e9nek felt\u00fcntet\u00e9se n\u00e9lk\u00fcl), valamint Rektor \u00far al\u00e1\u00edrt v\u00e1lasz\u00e1t honlapunkon tessz\u00fck k\u00f6zz\u00e9, \u00edgy biztos\u00edtva, hogy az inform\u00e1ci\u00f3 minden \u00e9rintett sz\u00e1m\u00e1ra el\u00e9rhet\u0151v\u00e9 v\u00e1lj\u00e9k.<\/p> <p>&nbsp;<\/p> <p>Budapest, 2025. \u00e1prilis 14.<\/p> <p>Dr. Battay M\u00e1rton<\/p> <p>egyetemi f\u0151titk\u00e1r<\/p> <p>&nbsp;<\/p> <p style=\"text-align: center\"><strong><a href=\"https:\/\/univet.hu\/wp-content\/uploads\/2025\/04\/Nyilt-level-Kiallas-az-Egyetem-hallgatoiert_20250411.pdf\">Ny\u00edlt lev\u00e9l\u00a0<\/a><\/strong><\/p> <p style=\"text-align: center\"><strong><a href=\"https:\/\/univet.hu\/wp-content\/uploads\/2025\/04\/Rektori-valasz-nyilt-levelre_20250414.pdf\">Rektori v\u00e1lasz ny\u00edlt lev\u00e9lre<\/a><\/strong><\/p> <p>&nbsp;<\/p> <p>&nbsp;<\/p>","protected":false},"excerpt":{"rendered":"<p>Az \u00c1llatorvostudom\u00e1nyi Egyetem Rektori Hivatal\u00e1ba \u00e1prilis 11-\u00e9n, p\u00e9nteken 9.30 perc k\u00f6r\u00fcl az al\u00e1bb k\u00f6zz\u00e9tett ny\u00edlt levelet adta \u00e1t k\u00e9t ismeretlen h\u00f6lgy a Rektori Hivatal el\u0151ad\u00f3j\u00e1nak, n\u00e9v \u00e9s felad\u00f3 megjel\u00f6l\u00e9se n\u00e9lk\u00fcl. A ny\u00edlt levelet (a 228 t\u00e1mogat\u00f3 nev\u00e9nek felt\u00fcntet\u00e9se n\u00e9lk\u00fcl), valamint Rektor \u00far al\u00e1\u00edrt v\u00e1lasz\u00e1t honlapunkon tessz\u00fck k\u00f6zz\u00e9, \u00edgy biztos\u00edtva, hogy az inform\u00e1ci\u00f3 minden \u00e9rintett sz\u00e1m\u00e1ra<\/p>\n","protected":false},"author":4837,"featured_media":178660,"comment_status":"closed","ping_status":"closed","sticky":false,"template":"","format":"standard","meta":{"_acf_changed":false,"footnotes":""},"categories":[4,42],"tags":[],"class_list":["post-178637","post","type-post","status-publish","format-standard","has-post-thumbnail","hentry","category-hirek","category-kiemelt"],"acf":[],"_links":{"self":[{"href":"https:\/\/univet.hu\/hu\/wp-json\/wp\/v2\/posts\/178637","targetHints":{"allow":["GET"]}}],"collection":[{"href":"https:\/\/univet.hu\/hu\/wp-json\/wp\/v2\/posts"}],"about":[{"href":"https:\/\/univet.hu\/hu\/wp-json\/wp\/v2\/types\/post"}],"author":[{"embeddable":true,"href":"https:\/\/univet.hu\/hu\/wp-json\/wp\/v2\/users\/4837"}],"replies":[{"embeddable":true,"href":"https:\/\/univet.hu\/hu\/wp-json\/wp\/v2\/comments?post=178637"}],"version-history":[{"count":5,"href":"https:\/\/univet.hu\/hu\/wp-json\/wp\/v2\/posts\/178637\/revisions"}],"predecessor-version":[{"id":178673,"href":"https:\/\/univet.hu\/hu\/wp-json\/wp\/v2\/posts\/178637\/revisions\/178673"}],"wp:featuredmedia":[{"embeddable":true,"href":"https:\/\/univet.hu\/hu\/wp-json\/wp\/v2\/media\/178660"}],"wp:attachment":[{"href":"https:\/\/univet.hu\/hu\/wp-json\/wp\/v2\/media?parent=178637"}],"wp:term":[{"taxonomy":"category","embeddable":true,"href":"https:\/\/univet.hu\/hu\/wp-json\/wp\/v2\/categories?post=178637"},{"taxonomy":"post_tag","embeddable":true,"href":"https:\/\/univet.hu\/hu\/wp-json\/wp\/v2\/tags?post=178637"}],"curies":[{"name":"wp","href":"https:\/\/api.w.org\/{rel}","templated":true}]}}