{"id":2005,"date":"2017-09-08T15:30:00","date_gmt":"2017-09-08T13:30:00","guid":{"rendered":"http:\/\/univet.hu\/2017\/09\/08\/palkovics-uj-epuletekkel-bovul-az-allatorvostudomanyi-egyetem\/"},"modified":"2024-12-30T23:10:38","modified_gmt":"2024-12-30T22:10:38","slug":"palkovics-uj-epuletekkel-bovul-az-allatorvostudomanyi-egyetem","status":"publish","type":"post","link":"https:\/\/univet.hu\/hu\/2017\/09\/palkovics-uj-epuletekkel-bovul-az-allatorvostudomanyi-egyetem\/","title":{"rendered":"Palkovics: \u00faj \u00e9p\u00fcletekkel b\u0151v\u00fcl az \u00c1llatorvostudom\u00e1nyi Egyetem"},"content":{"rendered":"<div> <p><strong>Budapest, 2017. szeptember 8., p&eacute;ntek (MTI) &#8211; Korm&aacute;nyzati t&aacute;mogat&aacute;ssal &uacute;j &eacute;p&uuml;letekkel b\u0151v&uuml;l a k&ouml;zelj&ouml;v\u0151ben az &Aacute;llatorvostudom&aacute;nyi Egyetem &#8211; jelentette be az Emberi Er\u0151forr&aacute;sok Miniszt&eacute;rium&aacute;nak (Emmi) oktat&aacute;s&eacute;rt felel\u0151s &aacute;llamtitk&aacute;ra az egyetem tan&eacute;vnyit&oacute; &uuml;nneps&eacute;g&eacute;n p&eacute;nteken, Budapesten.<\/strong><\/p> <p><strong>Palkovics<\/strong>&nbsp;<strong>L&aacute;szl&oacute;<\/strong> k&ouml;z&ouml;lte, a hamarosan a korm&aacute;ny el&eacute; ker&uuml;l\u0151 fejleszt&eacute;si terv szerint a budapesti campuson j&ouml;n majd l&eacute;tre Eur&oacute;pa egyik legmodernebb k&iacute;s&eacute;rleti &aacute;llath&aacute;za, emellett pedig egy konferenciak&ouml;zpontot &eacute;s &uacute;j koll&eacute;giumot is &eacute;p&iacute;tenek majd.<br \/>  Az egyetemr\u0151l sz&oacute;lva &uacute;gy fogalmazott, az nemcsak a hazai, hanem a nemzetk&ouml;zi fels\u0151oktat&aacute;si piacnak is akt&iacute;v &eacute;s elismert szerepl\u0151je, &eacute;s min\u0151s&eacute;gben a kezdetekt\u0151l versenyre tud kelni a vil&aacute;g t&ouml;bbi int&eacute;zm&eacute;ny&eacute;vel, ek&ouml;zben pedig igazodni tud a j&ouml;v\u0151 elv&aacute;r&aacute;saihoz is.<br \/>  S&oacute;tonyi P&eacute;ter, az egyetem rektora arr&oacute;l besz&eacute;lt, hogy az 1787-ben alap&iacute;tott &Aacute;llatorvostudom&aacute;nyi Egyetem Eur&oacute;pa egyik legr&eacute;gebbi &aacute;llatorvosk&eacute;pz\u0151 int&eacute;zete, amelyben id&eacute;n magyar nyelven 111, angolul 160, n&eacute;met&uuml;l pedig 110 hallgat&oacute; kezdi meg tanulm&aacute;nyait.<\/p> <p>(Forr&aacute;s: MTI)<\/p> <\/p><\/div>","protected":false},"excerpt":{"rendered":"<p>Korm\u00e1nyzati t\u00e1mogat\u00e1ssal \u00faj \u00e9p\u00fcletekkel b\u0151v\u00fcl a k\u00f6zelj\u00f6v\u0151ben az \u00c1llatorvostudom\u00e1nyi Egyetem &#8211; jelentette be az Emberi Er\u0151forr\u00e1sok Miniszt\u00e9rium\u00e1nak (Emmi) oktat\u00e1s\u00e9rt felel\u0151s \u00e1llamtitk\u00e1ra az egyetem tan\u00e9vnyit\u00f3 \u00fcnneps\u00e9g\u00e9n p\u00e9nteken, Budapesten.<\/p>\n","protected":false},"author":5823,"featured_media":0,"comment_status":"closed","ping_status":"closed","sticky":false,"template":"","format":"standard","meta":{"_acf_changed":false,"footnotes":""},"categories":[4,42],"tags":[],"class_list":["post-2005","post","type-post","status-publish","format-standard","hentry","category-hirek","category-kiemelt"],"acf":[],"_links":{"self":[{"href":"https:\/\/univet.hu\/hu\/wp-json\/wp\/v2\/posts\/2005","targetHints":{"allow":["GET"]}}],"collection":[{"href":"https:\/\/univet.hu\/hu\/wp-json\/wp\/v2\/posts"}],"about":[{"href":"https:\/\/univet.hu\/hu\/wp-json\/wp\/v2\/types\/post"}],"author":[{"embeddable":true,"href":"https:\/\/univet.hu\/hu\/wp-json\/wp\/v2\/users\/5823"}],"replies":[{"embeddable":true,"href":"https:\/\/univet.hu\/hu\/wp-json\/wp\/v2\/comments?post=2005"}],"version-history":[{"count":1,"href":"https:\/\/univet.hu\/hu\/wp-json\/wp\/v2\/posts\/2005\/revisions"}],"predecessor-version":[{"id":171947,"href":"https:\/\/univet.hu\/hu\/wp-json\/wp\/v2\/posts\/2005\/revisions\/171947"}],"wp:attachment":[{"href":"https:\/\/univet.hu\/hu\/wp-json\/wp\/v2\/media?parent=2005"}],"wp:term":[{"taxonomy":"category","embeddable":true,"href":"https:\/\/univet.hu\/hu\/wp-json\/wp\/v2\/categories?post=2005"},{"taxonomy":"post_tag","embeddable":true,"href":"https:\/\/univet.hu\/hu\/wp-json\/wp\/v2\/tags?post=2005"}],"curies":[{"name":"wp","href":"https:\/\/api.w.org\/{rel}","templated":true}]}}