{"id":204760,"date":"2026-04-05T09:00:51","date_gmt":"2026-04-05T07:00:51","guid":{"rendered":"https:\/\/univet.hu\/?p=204760"},"modified":"2026-04-02T14:52:10","modified_gmt":"2026-04-02T12:52:10","slug":"husveti-nyuszi-helyett-tudatos-dontes-elindult-a-nyuszijogsi-program-a-kozos-ugyunk-az-allatvedelem-alapitvany-jovoltabol","status":"publish","type":"post","link":"https:\/\/univet.hu\/hu\/2026\/04\/husveti-nyuszi-helyett-tudatos-dontes-elindult-a-nyuszijogsi-program-a-kozos-ugyunk-az-allatvedelem-alapitvany-jovoltabol\/","title":{"rendered":"H\u00fasv\u00e9ti nyuszi helyett tudatos d\u00f6nt\u00e9s: elindult a nyuszijogsi program A k\u00f6z\u00f6s \u00fcgy\u00fcnk az \u00e1llatv\u00e9delem alap\u00edtv\u00e1ny j\u00f3volt\u00e1b\u00f3l"},"content":{"rendered":"<p><strong>\u00daj, hi\u00e1nyp\u00f3tl\u00f3 eduk\u00e1ci\u00f3s program indult a K\u00f6z\u00f6s \u00fcgy\u00fcnk az \u00e1llatv\u00e9delem Alap\u00edtv\u00e1ny gondoz\u00e1s\u00e1ban \u201eNyuszijogsi\u201d n\u00e9ven, amely a nyulak felel\u0151s tart\u00e1s\u00e1hoz ny\u00fajt korszer\u0171, k\u00f6z\u00e9rthet\u0151 \u00e9s gyakorlatorient\u00e1lt tud\u00e1st, Ov\u00e1di P\u00e9ter \u00e1llatv\u00e9delem\u00e9rt felel\u0151s korm\u00e1nybiztos t\u00e1mogat\u00e1s\u00e1val. A program indul\u00e1s\u00e1t \u00fcnnep\u00e9lyes keretek k\u00f6z\u00f6tt jelentett\u00e9k be a F\u0151v\u00e1rosi \u00c1llat- \u00e9s N\u00f6v\u00e9nykertben. A NyusziJogsi itt \u00e9rhet\u0151 el t\u00e9r\u00edt\u00e9smentesen, regisztr\u00e1ci\u00f3 ut\u00e1n: nyuszi.gazdijogsi.hu.<\/strong><\/p> <p>A Kutyajogsi \u00e9s a szint\u00e9n a h\u00e9ten bemutatott Macskajogsi ut\u00e1n, a h\u00fasv\u00e9ti id\u0151szakhoz k\u00f6zeledve, most a nyulak ker\u00fclnek a f\u00f3kuszba: elindult a Nyuszijogsi program. A Nyuszijogsi a m\u00e1r sikeresen m\u0171k\u00f6d\u0151 Gazdijogsi program tov\u00e1bbfejleszt\u00e9sek\u00e9nt j\u00f6tt l\u00e9tre, amely 2021-ben indult a Nemzeti \u00c9lelmiszerl\u00e1nc-biztons\u00e1gi Hivatal, az Agr\u00e1rminiszt\u00e9rium, valamint az \u00c1llatorvostudom\u00e1nyi Egyetem egy\u00fcttm\u0171k\u00f6d\u00e9s\u00e9ben. A program a K\u00f6z\u00f6s \u00fcgy\u00fcnk az \u00e1llatv\u00e9delem Alap\u00edtv\u00e1ny gondoz\u00e1s\u00e1ban az\u00f3ta is folyamatosan fejl\u0151dik, \u00faj c\u00e9lcsoportokat \u00e9s \u00e1llatfajokat bevonva.<\/p> <p>Az \u00faj program kifejezetten a nyulak tart\u00e1s\u00e1ra f\u00f3kusz\u00e1l, k\u00fcl\u00f6n\u00f6s tekintettel a csal\u00e1dokra \u00e9s a gyermekekre, valamint a h\u00fasv\u00e9ti id\u0151szakra, amikor a \u201eny\u00fal, mint aj\u00e1nd\u00e9k\u201d jelens\u00e9g feler\u0151s\u00f6dik. A Nyuszijogsi bemutatja a nyulak biol\u00f3giai saj\u00e1toss\u00e1gait \u00e9s pr\u00e9da\u00e1llat-jelleg\u0171 viselked\u00e9s\u00e9t, term\u00e9szetes sz\u00fcks\u00e9gleteiket \u2013 \u00edgy a mozg\u00e1s, r\u00e1g\u00e1s, \u00e1s\u00e1s \u00e9s szoci\u00e1lis kapcsolatok ir\u00e1nti ig\u00e9nyt \u2013, valamint az \u00e9lettartam \u00e9s az eg\u00e9szs\u00e9gmeg\u0151rz\u00e9s alapjait. Emellett hangs\u00falyt helyez a tart\u00e1s megkezd\u00e9se el\u0151tti felel\u0151s d\u00f6nt\u00e9sre, \u00e9s a leggyakoribb hib\u00e1k megel\u0151z\u00e9s\u00e9re is.<\/p> <p>A program kiemelten foglalkozik a felel\u0151tlen \u00e1llattart\u00e1s k\u00f6vetkezm\u00e9nyeivel, \u00edgy felel\u0151tlen \u00e1llattart\u00e1s jellemz\u0151ivel \u00e9s k\u00f6vetkezm\u00e9nyeivel, az elpusztult \u00e1llatok magas sz\u00e1m\u00e1val, valamint a nyulak vadonba enged\u00e9s\u00e9nek k\u00e1ros gyakorlat\u00e1val. A tud\u00e1s\u00e1tad\u00e1st professzion\u00e1lis vide\u00f3s tananyagok is seg\u00edtik, amelyek k\u00f6z\u00e9rthet\u0151 \u00e9s \u00e9lm\u00e9nyszer\u0171 form\u00e1ban t\u00e1mogatj\u00e1k a szeml\u00e9letform\u00e1l\u00e1st.<\/p> <p>A program bejelent\u00e9s\u00e9re a F\u0151v\u00e1rosi \u00c1llat- \u00e9s N\u00f6v\u00e9nykertben ker\u00fclt sor, ahol h\u00e1zigazdak\u00e9nt <strong>dr. S\u00f3s Endre, az int\u00e9zm\u00e9ny f\u0151igazgat\u00f3ja <\/strong>k\u00f6sz\u00f6nt\u00f6tte a r\u00e9sztvev\u0151ket. Hangs\u00falyozta: \u201ea nyulak rendk\u00edv\u00fcl \u00e9rz\u00e9keny \u00e1llatok, tart\u00e1suk speci\u00e1lis tud\u00e1st ig\u00e9nyel. Fontos, hogy m\u00e1r a kezdetekt\u0151l megfelel\u0151 inform\u00e1ci\u00f3val l\u00e1ssuk el a gazdikat, ezzel megel\u0151zve a k\u00e9s\u0151bbi \u00e1llateg\u00e9szs\u00e9g\u00fcgyi \u00e9s egy\u00e9b probl\u00e9m\u00e1kat.\u201d<\/p> <p>Ezt k\u00f6vet\u0151en <strong>Ov\u00e1di P\u00e9ter \u00e1llatv\u00e9delem\u00e9rt felel\u0151s korm\u00e1nybiztos <\/strong>kiemelte: \u201eA felel\u0151s \u00e1llattart\u00e1s alapja a tud\u00e1s, ez\u00e9rt kiemelten fontos, hogy m\u00e1r az \u00e1llattart\u00e1sra vonatkoz\u00f3 d\u00f6nt\u00e9s el\u0151tt hiteles, k\u00f6z\u00e9rthet\u0151 \u00e9s mindenki sz\u00e1m\u00e1ra hozz\u00e1f\u00e9rhet\u0151 inform\u00e1ci\u00f3k \u00e1lljanak rendelkez\u00e9sre. A Nyuszijogsi program ebben jelent el\u0151rel\u00e9p\u00e9st: seg\u00edt megel\u0151zni a felel\u0151tlen d\u00f6nt\u00e9seket, \u00e9s hozz\u00e1j\u00e1rul ahhoz, hogy kevesebb \u00e1llat ker\u00fclj\u00f6n m\u00e9ltatlan k\u00f6r\u00fclm\u00e9nyek k\u00f6z\u00e9 vagy k\u00e9s\u0151bb elhagy\u00e1sra. Az ilyen eduk\u00e1ci\u00f3s kezdem\u00e9nyez\u00e9sek hossz\u00fa t\u00e1von az \u00e1llatv\u00e9delem egyik legfontosabb pill\u00e9r\u00e9t jelentik, a civil szervezetek t\u00e1mogat\u00e1sa \u00e9s a jogszab\u00e1lyok betartat\u00e1sa mellett.\u201d<\/p> <p>Dr. Vetter Szilvia, a K\u00f6z\u00f6s \u00fcgy\u00fcnk az \u00e1llatv\u00e9delem Alap\u00edtv\u00e1ny kurat\u00f3riumi eln\u00f6ke szerint \u201ea Nyuszijogsi c\u00e9lja, hogy lebontsuk a nyulakkal kapcsolatos t\u00e9vhiteket, \u00e9s megmutassuk: a ny\u00fal nem \u2018kezd\u0151\u00e1llat\u2019, hanem \u00e9rz\u0151, komplex ig\u00e9nyekkel rendelkez\u0151 t\u00e1rs\u00e1llat. Ha ezt nem tudjuk figyelembe venni, vegy\u00fcnk ink\u00e1bb pl\u00fcsst! A program r\u00e9szek\u00e9nt j\u00f3 grafikai anyaggal ell\u00e1tott, ig\u00e9nyesen vizualiz\u00e1lt \u00edr\u00e1sbeli tananyag, vide\u00f3s tartalmak, valamint egy harminc k\u00e9rd\u00e9sb\u0151l \u00e1ll\u00f3 tud\u00e1spr\u00f3ba is seg\u00edti a tanul\u00e1st \u2013 mindez a Gazdijogsi form\u00e1tum\u00e1b\u00f3l m\u00e1r ismert, bev\u00e1lt strukt\u00far\u00e1ra \u00e9p\u00edtve.\u201d<\/p> <p><strong>Dr. N\u00f3gr\u00e1di Anna Linda, a Nyuszijogsi szakmai anyag\u00e1nak szerz\u0151je, a vide\u00f3s tananyagok f\u0151szerepl\u0151je, az \u00c1llatorvostudom\u00e1nyi Egyetem adjunktusa <\/strong>hozz\u00e1tette: \u201eA megfelel\u0151 tart\u00e1si k\u00f6r\u00fclm\u00e9nyek, a helyes takarm\u00e1nyoz\u00e1s \u00e9s a rendszeres \u00e1llatorvosi kontroll alapvet\u0151 felt\u00e9telei annak, hogy egy ny\u00fal hossz\u00fa \u00e9s eg\u00e9szs\u00e9ges \u00e9letet \u00e9lhessen.\u201d N\u00f3gr\u00e1di Anna Linda PhD fokozattal rendelkez\u0151 egzotikus \u00e9s kis\u00e1llatgy\u00f3gy\u00e1sz szak\u00e1llatorvos, k\u00f6zgazd\u00e1sz, az \u00c1llatorvostudom\u00e1nyi Egyetem Egzotikus\u00e1llat-, Vad-, Hal-, \u00e9s M\u00e9heg\u00e9szs\u00e9g\u00fcgyi Tansz\u00e9k\u00e9nek adjunktusa. Szakter\u00fclete a kiseml\u0151s\u00f6k \u2013 k\u00fcl\u00f6n\u00f6sen a nyulak \u2013 gy\u00f3gy\u00e1szata \u00e9s tart\u00e1sa.<\/p> <p>A Nyuszijogsi nem csup\u00e1n egy \u00faj eduk\u00e1ci\u00f3s program, hanem szeml\u00e9letform\u00e1l\u00f3 kezdem\u00e9nyez\u00e9s: annak felismer\u00e9se, hogy minden \u00e1llat \u2013 \u00edgy a ny\u00fal is \u2013 \u00e9rz\u0151 l\u00e9ny, amely tiszteletet, odafigyel\u00e9st \u00e9s felel\u0151s gondoskod\u00e1st \u00e9rdemel. K\u00fcl\u00f6n\u00f6sen fontos ez a h\u00fasv\u00e9ti id\u0151szakban, amikor a ny\u00fal gyakran aj\u00e1nd\u00e9kk\u00e9nt jelenik meg \u2013 hiszen egy \u00fcnnepi d\u00f6nt\u00e9s hossz\u00fa \u00e9vekre sz\u00f3l\u00f3 felel\u0151ss\u00e9get jelent. A val\u00f3di v\u00e1ltoz\u00e1s ott kezd\u0151dik, amikor a tud\u00e1s tal\u00e1lkozik az emp\u00e1ti\u00e1val.<\/p> <p><strong><em>Tov\u00e1bbi inform\u00e1ci\u00f3k: <\/em>K\u00f6z\u00f6s \u00fcgy\u00fcnk az \u00e1llatv\u00e9delem Alap\u00edtv\u00e1ny<\/strong><\/p> <p>E-mail: <a class=\"decrypt\" rel=\"jogpAlp{ptvhzvolb{bmmbuwfefmfn\/iv\" href=\"javascript:void(0);\">[Kattintson az emailc\u00edmhez]<\/a><\/p> <p>Facebook: <u>https:<\/u><a href=\"http:\/\/www.facebook.com\/kozosugyunkazallatvedelem\">\/\/www.facebook.com\/kozosugyunkazallatvedelem<\/a><\/p> <p>Instagram: <u>https:<\/u><a href=\"http:\/\/www.instagram.com\/kozosugyunkazallatvedelem\/\">\/\/www.instagram.com\/kozosugyunkazallatvedelem\/<\/a><\/p> <p>Youtube: <a href=\"https:\/\/www.youtube.com\/%40kozosugyunkazallatvedelem\">https:\/\/www.youtube.com\/@kozosugyunkazallatvedelem<\/a><\/p>  \t\t<ul id='gallery-1' class='gallery galleryid-204760 block-grid-xs-2 block-grid-sm-3 block-grid-md-4 block-grid-lg-5'><li class='gallery-item'>         <span class='gallery-icon'>             <a href='https:\/\/univet.hu\/wp-content\/uploads\/2026\/04\/allatkert_20260402_102731_DSC_1223-scaled.jpg'><img loading=\"lazy\" decoding=\"async\" width=\"320\" height=\"320\" src=\"https:\/\/univet.hu\/wp-content\/uploads\/2026\/04\/allatkert_20260402_102731_DSC_1223-320x320.jpg\" class=\"attachment-thumbnail size-thumbnail\" alt=\"\" srcset=\"https:\/\/univet.hu\/wp-content\/uploads\/2026\/04\/allatkert_20260402_102731_DSC_1223-320x320.jpg 320w, https:\/\/univet.hu\/wp-content\/uploads\/2026\/04\/allatkert_20260402_102731_DSC_1223-640x640.jpg 640w\" sizes=\"auto, (max-width: 320px) 100vw, 320px\" \/><\/a>         <\/span><\/li><li class='gallery-item'>         <span class='gallery-icon'>             <a href='https:\/\/univet.hu\/wp-content\/uploads\/2026\/04\/allatkert_20260402_102511_DSC_2620-scaled.jpg'><img loading=\"lazy\" decoding=\"async\" width=\"320\" height=\"320\" src=\"https:\/\/univet.hu\/wp-content\/uploads\/2026\/04\/allatkert_20260402_102511_DSC_2620-320x320.jpg\" class=\"attachment-thumbnail size-thumbnail\" alt=\"\" srcset=\"https:\/\/univet.hu\/wp-content\/uploads\/2026\/04\/allatkert_20260402_102511_DSC_2620-320x320.jpg 320w, https:\/\/univet.hu\/wp-content\/uploads\/2026\/04\/allatkert_20260402_102511_DSC_2620-640x640.jpg 640w\" sizes=\"auto, (max-width: 320px) 100vw, 320px\" \/><\/a>         <\/span><\/li><li class='gallery-item'>         <span class='gallery-icon'>             <a href='https:\/\/univet.hu\/wp-content\/uploads\/2026\/04\/allatkert_20260402_101749_DSC_2421-scaled.jpg'><img loading=\"lazy\" decoding=\"async\" width=\"320\" height=\"320\" src=\"https:\/\/univet.hu\/wp-content\/uploads\/2026\/04\/allatkert_20260402_101749_DSC_2421-320x320.jpg\" class=\"attachment-thumbnail size-thumbnail\" alt=\"\" srcset=\"https:\/\/univet.hu\/wp-content\/uploads\/2026\/04\/allatkert_20260402_101749_DSC_2421-320x320.jpg 320w, https:\/\/univet.hu\/wp-content\/uploads\/2026\/04\/allatkert_20260402_101749_DSC_2421-640x640.jpg 640w\" sizes=\"auto, (max-width: 320px) 100vw, 320px\" \/><\/a>         <\/span><\/li><li class='gallery-item'>         <span class='gallery-icon'>             <a href='https:\/\/univet.hu\/wp-content\/uploads\/2026\/04\/allatkert_20260402_100908_DSC_1051-scaled.jpg'><img loading=\"lazy\" decoding=\"async\" width=\"320\" height=\"320\" src=\"https:\/\/univet.hu\/wp-content\/uploads\/2026\/04\/allatkert_20260402_100908_DSC_1051-320x320.jpg\" class=\"attachment-thumbnail size-thumbnail\" alt=\"\" srcset=\"https:\/\/univet.hu\/wp-content\/uploads\/2026\/04\/allatkert_20260402_100908_DSC_1051-320x320.jpg 320w, https:\/\/univet.hu\/wp-content\/uploads\/2026\/04\/allatkert_20260402_100908_DSC_1051-640x640.jpg 640w\" sizes=\"auto, (max-width: 320px) 100vw, 320px\" \/><\/a>         <\/span><\/li><li class='gallery-item'>         <span class='gallery-icon'>             <a href='https:\/\/univet.hu\/wp-content\/uploads\/2026\/04\/allatkert_20260402_094324_DSC_2238-scaled.jpg'><img loading=\"lazy\" decoding=\"async\" width=\"320\" height=\"320\" src=\"https:\/\/univet.hu\/wp-content\/uploads\/2026\/04\/allatkert_20260402_094324_DSC_2238-320x320.jpg\" class=\"attachment-thumbnail size-thumbnail\" alt=\"\" srcset=\"https:\/\/univet.hu\/wp-content\/uploads\/2026\/04\/allatkert_20260402_094324_DSC_2238-320x320.jpg 320w, https:\/\/univet.hu\/wp-content\/uploads\/2026\/04\/allatkert_20260402_094324_DSC_2238-640x640.jpg 640w\" sizes=\"auto, (max-width: 320px) 100vw, 320px\" \/><\/a>         <\/span><\/li><li class='gallery-item'>         <span class='gallery-icon'>             <a href='https:\/\/univet.hu\/wp-content\/uploads\/2026\/04\/allatkert_20260402_094154_DSC_0968-scaled.jpg'><img loading=\"lazy\" decoding=\"async\" width=\"320\" height=\"320\" src=\"https:\/\/univet.hu\/wp-content\/uploads\/2026\/04\/allatkert_20260402_094154_DSC_0968-320x320.jpg\" class=\"attachment-thumbnail size-thumbnail\" alt=\"\" srcset=\"https:\/\/univet.hu\/wp-content\/uploads\/2026\/04\/allatkert_20260402_094154_DSC_0968-320x320.jpg 320w, https:\/\/univet.hu\/wp-content\/uploads\/2026\/04\/allatkert_20260402_094154_DSC_0968-640x640.jpg 640w\" sizes=\"auto, (max-width: 320px) 100vw, 320px\" \/><\/a>         <\/span><\/li><\/ul>","protected":false},"excerpt":{"rendered":"<p>\u00daj, hi\u00e1nyp\u00f3tl\u00f3 eduk\u00e1ci\u00f3s program indult a K\u00f6z\u00f6s \u00fcgy\u00fcnk az \u00e1llatv\u00e9delem Alap\u00edtv\u00e1ny gondoz\u00e1s\u00e1ban \u201eNyuszijogsi\u201d n\u00e9ven, amely a nyulak felel\u0151s tart\u00e1s\u00e1hoz ny\u00fajt korszer\u0171, k\u00f6z\u00e9rthet\u0151 \u00e9s gyakorlatorient\u00e1lt tud\u00e1st, Ov\u00e1di P\u00e9ter \u00e1llatv\u00e9delem\u00e9rt felel\u0151s korm\u00e1nybiztos t\u00e1mogat\u00e1s\u00e1val. A program indul\u00e1s\u00e1t \u00fcnnep\u00e9lyes keretek k\u00f6z\u00f6tt jelentett\u00e9k be a F\u0151v\u00e1rosi \u00c1llat- \u00e9s N\u00f6v\u00e9nykertben. A NyusziJogsi itt \u00e9rhet\u0151 el t\u00e9r\u00edt\u00e9smentesen, regisztr\u00e1ci\u00f3 ut\u00e1n: nyuszi.gazdijogsi.hu. A Kutyajogsi<\/p>\n","protected":false},"author":4837,"featured_media":204766,"comment_status":"closed","ping_status":"closed","sticky":false,"template":"","format":"standard","meta":{"_acf_changed":false,"footnotes":""},"categories":[4,42],"tags":[],"class_list":["post-204760","post","type-post","status-publish","format-standard","has-post-thumbnail","hentry","category-hirek","category-kiemelt"],"acf":[],"_links":{"self":[{"href":"https:\/\/univet.hu\/hu\/wp-json\/wp\/v2\/posts\/204760","targetHints":{"allow":["GET"]}}],"collection":[{"href":"https:\/\/univet.hu\/hu\/wp-json\/wp\/v2\/posts"}],"about":[{"href":"https:\/\/univet.hu\/hu\/wp-json\/wp\/v2\/types\/post"}],"author":[{"embeddable":true,"href":"https:\/\/univet.hu\/hu\/wp-json\/wp\/v2\/users\/4837"}],"replies":[{"embeddable":true,"href":"https:\/\/univet.hu\/hu\/wp-json\/wp\/v2\/comments?post=204760"}],"version-history":[{"count":5,"href":"https:\/\/univet.hu\/hu\/wp-json\/wp\/v2\/posts\/204760\/revisions"}],"predecessor-version":[{"id":204788,"href":"https:\/\/univet.hu\/hu\/wp-json\/wp\/v2\/posts\/204760\/revisions\/204788"}],"wp:featuredmedia":[{"embeddable":true,"href":"https:\/\/univet.hu\/hu\/wp-json\/wp\/v2\/media\/204766"}],"wp:attachment":[{"href":"https:\/\/univet.hu\/hu\/wp-json\/wp\/v2\/media?parent=204760"}],"wp:term":[{"taxonomy":"category","embeddable":true,"href":"https:\/\/univet.hu\/hu\/wp-json\/wp\/v2\/categories?post=204760"},{"taxonomy":"post_tag","embeddable":true,"href":"https:\/\/univet.hu\/hu\/wp-json\/wp\/v2\/tags?post=204760"}],"curies":[{"name":"wp","href":"https:\/\/api.w.org\/{rel}","templated":true}]}}