{"id":206301,"date":"2026-04-27T09:09:49","date_gmt":"2026-04-27T07:09:49","guid":{"rendered":"https:\/\/univet.hu\/?p=206301"},"modified":"2026-04-27T09:09:49","modified_gmt":"2026-04-27T07:09:49","slug":"atadtak-az-egyetem-felujitott-belgyogyaszati-tanszeket","status":"publish","type":"post","link":"https:\/\/univet.hu\/hu\/2026\/04\/atadtak-az-egyetem-felujitott-belgyogyaszati-tanszeket\/","title":{"rendered":"\u00c1tadt\u00e1k az Egyetem fel\u00faj\u00edtott Belgy\u00f3gy\u00e1szati Tansz\u00e9k\u00e9t"},"content":{"rendered":"<p><strong>B\u00e1r Egyetem\u00fcnk \u00e9p\u00fcletei k\u00f6z\u00f6tt egy\u00e1ltal\u00e1n nem k\u00f6nny\u0171 k\u00fcl\u00f6nbs\u00e9get tenni fontoss\u00e1gukat illet\u0151en, az bizonyos, hogy l\u00e9tez\u00e9se \u00f3ta az Istv\u00e1n utcai kampuszon az \u201eA\u201d \u00e9p\u00fcletben f\u00e1radoztak k\u00f6zvetlen\u00fcl a legt\u00f6bb \u00e1llat gy\u00f3gy\u00edt\u00e1s\u00e1n az orvosok \u00e9s seg\u00edt\u0151ik. Ez\u00e9rt is nevezhette az \u00e9p\u00fcleten bel\u00fcl fel\u00faj\u00edtott Belgy\u00f3gy\u00e1szati Tansz\u00e9k \u00e1prilis 22-i \u00e1tad\u00e1s\u00e1t int\u00e9zm\u00e9ny\u00fcnk meg\u00fajul\u00e1s\u00e1nak korszakos l\u00e9p\u00e9sek\u00e9nt Prof.\u00a0 Dr. S\u00f3tonyi P\u00e9ter rektor.<\/strong><\/p> <p>J\u00f3l mutatja e tansz\u00e9k jelent\u0151s\u00e9g\u00e9t az \u00e1llatok gy\u00f3gy\u00edt\u00e1s\u00e1ban, hangs\u00falyozta int\u00e9zm\u00e9ny\u00fcnk rektora, hogy sz\u00e1mos volt vezet\u0151 oktat\u00f3j\u00e1nak szobra \u00e1ll a parkban.<\/p> <p>A felsorol\u00e1st Zlam\u00e1l Vilmossal kezdte, aki a belorvostant heti \u00f6t \u00f3r\u00e1ban oktatta, s emellett k\u00f3rodai gyakorlatokat tartott. Galambos M\u00e1rton 9 tant\u00e1rgyat oktatott. Tormay B\u00e9la nev\u00e9hez f\u0171z\u0151dik a hazai \u00e1llateg\u00e9szs\u00e9g\u00fcgyi \u00e1tszervez\u00e9se. Azary \u00c1kos els\u0151k\u00e9nt alkalmazta a modern belgy\u00f3gy\u00e1szati vizsg\u00e1l\u00f3 m\u00f3dszereket. \u0150t k\u00f6vette az egyetem legnagyobb csillaga, t\u00f6bb \u00e9vtizeden \u00e1t rektora, Hutyra Ferenc. Marek J\u00f3zsef megjelen\u00e9s\u00e9vel v\u00e1lt \u00f6n\u00e1ll\u00f3v\u00e1 a tansz\u00e9k. Az \u0151 munk\u00e1ss\u00e1g\u00e1t folytatta M\u00f3csi J\u00e1nos. Horv\u00e1th Zolt\u00e1n \u00e9s Karsai Ferenc t\u00f6bb\u00fcnknek m\u00e1r kort\u00e1rsa volt. V\u00f6r\u00f6s K\u00e1roly, Mancz\u00far Ferenc \u00e9s a jelenlegi tansz\u00e9kvezet\u0151, Ps\u00e1der Roland folytatta a sort a tansz\u00e9k \u00e9l\u00e9n.<\/p> <p>A Belgy\u00f3gy\u00e1szati Tansz\u00e9k emblematikus hely, ismern\u00fcnk kell a t\u00f6rt\u00e9net\u00e9t, hogy tudjuk milyen el\u0151d\u00f6k nyomdok\u00e1n j\u00e1runk dolgozni, gy\u00f3gy\u00edtani \u00e9s tan\u00edtani nap mint nap. \u00c9rdemes felh\u00edvni a hallgat\u00f3k figyelm\u00e9t arra is, hogy gy\u00f6ny\u00f6r\u0171 \u00e9p\u00fcletekben tanulhatnak, hangs\u00falyozta Prof. Dr. S\u00f3tonyi P\u00e9ter.<\/p> <p>Rektor \u00far k\u00f6sz\u00f6netet mondott a kivitelez\u0151 Tand-Bau v\u00e1llalkoz\u00e1snak. Kiemelte Bendik Bernadett kor\u00e1bbi gazdas\u00e1gi f\u0151igazgat\u00f3 \u00e9s Penz X\u00e9nia jelenlegi gazdas\u00e1gi igazgat\u00f3 munk\u00e1j\u00e1t.<\/p> <p>Dr. Ps\u00e1der Roland, a Belgy\u00f3gy\u00e1szati Tansz\u00e9k vezet\u0151je nagy megtiszteltet\u00e9snek nevezte, hogy a fel\u00faj\u00edt\u00e1s \u00e1tv\u00e9tele alkalm\u00e1b\u00f3l sz\u00f3lhat. \u0150szinte h\u00e1l\u00e1j\u00e1t fejezte ki az egyetem vezet\u0151j\u00e9nek, ami\u00e9rt lehet\u0151v\u00e9 tette a tansz\u00e9k teljes k\u00f6r\u0171 fel\u00faj\u00edt\u00e1s\u00e1t. Ez a d\u00f6nt\u00e9s t\u00falmutat \u00f6nmag\u00e1n: nemcsak egy infrastruktur\u00e1lis fejleszt\u00e9s, hanem egy\u00e9rtelm\u0171 jelz\u00e9se a tansz\u00e9k munk\u00e1ja \u00e9s j\u00f6v\u0151je ir\u00e1nti bizalomnak. Ez a t\u00e1mogat\u00e1s alapot adott ahhoz, hogy a mindennapi munk\u00e1nkat a kor elv\u00e1r\u00e1sainak megfelel\u0151 k\u00f6rnyezetben v\u00e9gezhess\u00fck.<\/p> <p>A tansz\u00e9kvezet\u0151 megk\u00f6sz\u00f6nte a tervez\u00e9sben, a beszerz\u00e9si folyamatokban \u00e9s a kivitelez\u00e9sben r\u00e9sztvev\u0151k munk\u00e1j\u00e1t, n\u00e9v szerint Kov\u00e1cs G\u00e1bor m\u0171szaki \u00e9s \u00fczemeltet\u00e9si oszt\u00e1lyvezet\u0151 seg\u00edts\u00e9g\u00e9t. \u00d6sszehangolt, sokszor h\u00e1tt\u00e9rben v\u00e9gzett munk\u00e1juk n\u00e9lk\u00fcl ez a beruh\u00e1z\u00e1s nem val\u00f3sulhatott volna meg ilyen magas sz\u00ednvonalon.<\/p> <p>K\u00f6sz\u00f6netet mondott tansz\u00e9ki munkat\u00e1rsainak, akik az \u00e9v minden napj\u00e1n sokszor egyszerre v\u00e9gzik nagy terhel\u00e9s mellett a klinikai betegell\u00e1t\u00e1st, az oktat\u00e1st \u00e9s a kutat\u00e1st. Ez a fel\u00faj\u00edt\u00e1s egyben a munk\u00e1juk elismer\u00e9se is, mert olyan k\u00f6rnyezetet alak\u00edtott ki, amely m\u00e9lt\u00f3 ehhez az elhivatotts\u00e1ghoz.<\/p>  \t\t<ul id='gallery-1' class='gallery galleryid-206301 block-grid-xs-2 block-grid-sm-3 block-grid-md-4 block-grid-lg-5'><li class='gallery-item'>         <span class='gallery-icon'>             <a href='https:\/\/univet.hu\/wp-content\/uploads\/2026\/04\/belgyogyaszat07.jpg'><img loading=\"lazy\" decoding=\"async\" width=\"320\" height=\"320\" src=\"https:\/\/univet.hu\/wp-content\/uploads\/2026\/04\/belgyogyaszat07-320x320.jpg\" class=\"attachment-thumbnail size-thumbnail\" alt=\"\" srcset=\"https:\/\/univet.hu\/wp-content\/uploads\/2026\/04\/belgyogyaszat07-320x320.jpg 320w, https:\/\/univet.hu\/wp-content\/uploads\/2026\/04\/belgyogyaszat07-640x640.jpg 640w\" sizes=\"auto, (max-width: 320px) 100vw, 320px\" \/><\/a>         <\/span><\/li><li class='gallery-item'>         <span class='gallery-icon'>             <a href='https:\/\/univet.hu\/wp-content\/uploads\/2026\/04\/belgyogyaszat15.jpg'><img loading=\"lazy\" decoding=\"async\" width=\"320\" height=\"320\" src=\"https:\/\/univet.hu\/wp-content\/uploads\/2026\/04\/belgyogyaszat15-320x320.jpg\" class=\"attachment-thumbnail size-thumbnail\" alt=\"\" srcset=\"https:\/\/univet.hu\/wp-content\/uploads\/2026\/04\/belgyogyaszat15-320x320.jpg 320w, https:\/\/univet.hu\/wp-content\/uploads\/2026\/04\/belgyogyaszat15-640x640.jpg 640w\" sizes=\"auto, (max-width: 320px) 100vw, 320px\" \/><\/a>         <\/span><\/li><li class='gallery-item'>         <span class='gallery-icon'>             <a href='https:\/\/univet.hu\/wp-content\/uploads\/2026\/04\/belgyogyaszat14.jpg'><img loading=\"lazy\" decoding=\"async\" width=\"320\" height=\"320\" src=\"https:\/\/univet.hu\/wp-content\/uploads\/2026\/04\/belgyogyaszat14-320x320.jpg\" class=\"attachment-thumbnail size-thumbnail\" alt=\"\" srcset=\"https:\/\/univet.hu\/wp-content\/uploads\/2026\/04\/belgyogyaszat14-320x320.jpg 320w, https:\/\/univet.hu\/wp-content\/uploads\/2026\/04\/belgyogyaszat14-640x640.jpg 640w\" sizes=\"auto, (max-width: 320px) 100vw, 320px\" \/><\/a>         <\/span><\/li><li class='gallery-item'>         <span class='gallery-icon'>             <a href='https:\/\/univet.hu\/wp-content\/uploads\/2026\/04\/belgyogyaszat17.jpg'><img loading=\"lazy\" decoding=\"async\" width=\"320\" height=\"320\" src=\"https:\/\/univet.hu\/wp-content\/uploads\/2026\/04\/belgyogyaszat17-320x320.jpg\" class=\"attachment-thumbnail size-thumbnail\" alt=\"\" srcset=\"https:\/\/univet.hu\/wp-content\/uploads\/2026\/04\/belgyogyaszat17-320x320.jpg 320w, https:\/\/univet.hu\/wp-content\/uploads\/2026\/04\/belgyogyaszat17-640x640.jpg 640w\" sizes=\"auto, (max-width: 320px) 100vw, 320px\" \/><\/a>         <\/span><\/li><li class='gallery-item'>         <span class='gallery-icon'>             <a href='https:\/\/univet.hu\/wp-content\/uploads\/2026\/04\/belgyogyaszat19.jpg'><img loading=\"lazy\" decoding=\"async\" width=\"320\" height=\"320\" src=\"https:\/\/univet.hu\/wp-content\/uploads\/2026\/04\/belgyogyaszat19-320x320.jpg\" class=\"attachment-thumbnail size-thumbnail\" alt=\"\" srcset=\"https:\/\/univet.hu\/wp-content\/uploads\/2026\/04\/belgyogyaszat19-320x320.jpg 320w, https:\/\/univet.hu\/wp-content\/uploads\/2026\/04\/belgyogyaszat19-640x640.jpg 640w\" sizes=\"auto, (max-width: 320px) 100vw, 320px\" \/><\/a>         <\/span><\/li><li class='gallery-item'>         <span class='gallery-icon'>             <a href='https:\/\/univet.hu\/wp-content\/uploads\/2026\/04\/IMG_2637.jpeg'><img loading=\"lazy\" decoding=\"async\" width=\"320\" height=\"320\" src=\"https:\/\/univet.hu\/wp-content\/uploads\/2026\/04\/IMG_2637-320x320.jpeg\" class=\"attachment-thumbnail size-thumbnail\" alt=\"\" srcset=\"https:\/\/univet.hu\/wp-content\/uploads\/2026\/04\/IMG_2637-320x320.jpeg 320w, https:\/\/univet.hu\/wp-content\/uploads\/2026\/04\/IMG_2637-640x640.jpeg 640w\" sizes=\"auto, (max-width: 320px) 100vw, 320px\" \/><\/a>         <\/span><\/li><li class='gallery-item'>         <span class='gallery-icon'>             <a href='https:\/\/univet.hu\/wp-content\/uploads\/2026\/04\/IMG_2622.jpeg'><img loading=\"lazy\" decoding=\"async\" width=\"320\" height=\"320\" src=\"https:\/\/univet.hu\/wp-content\/uploads\/2026\/04\/IMG_2622-320x320.jpeg\" class=\"attachment-thumbnail size-thumbnail\" alt=\"\" srcset=\"https:\/\/univet.hu\/wp-content\/uploads\/2026\/04\/IMG_2622-320x320.jpeg 320w, https:\/\/univet.hu\/wp-content\/uploads\/2026\/04\/IMG_2622-640x640.jpeg 640w\" sizes=\"auto, (max-width: 320px) 100vw, 320px\" \/><\/a>         <\/span><\/li><li class='gallery-item'>         <span class='gallery-icon'>             <a href='https:\/\/univet.hu\/wp-content\/uploads\/2026\/04\/IMG_2615.jpeg'><img loading=\"lazy\" decoding=\"async\" width=\"320\" height=\"320\" src=\"https:\/\/univet.hu\/wp-content\/uploads\/2026\/04\/IMG_2615-320x320.jpeg\" class=\"attachment-thumbnail size-thumbnail\" alt=\"\" srcset=\"https:\/\/univet.hu\/wp-content\/uploads\/2026\/04\/IMG_2615-320x320.jpeg 320w, https:\/\/univet.hu\/wp-content\/uploads\/2026\/04\/IMG_2615-640x640.jpeg 640w\" sizes=\"auto, (max-width: 320px) 100vw, 320px\" \/><\/a>         <\/span><\/li><li class='gallery-item'>         <span class='gallery-icon'>             <a href='https:\/\/univet.hu\/wp-content\/uploads\/2026\/04\/IMG_2634.jpeg'><img loading=\"lazy\" decoding=\"async\" width=\"320\" height=\"320\" src=\"https:\/\/univet.hu\/wp-content\/uploads\/2026\/04\/IMG_2634-320x320.jpeg\" class=\"attachment-thumbnail size-thumbnail\" alt=\"\" srcset=\"https:\/\/univet.hu\/wp-content\/uploads\/2026\/04\/IMG_2634-320x320.jpeg 320w, https:\/\/univet.hu\/wp-content\/uploads\/2026\/04\/IMG_2634-640x640.jpeg 640w\" sizes=\"auto, (max-width: 320px) 100vw, 320px\" \/><\/a>         <\/span><\/li><li class='gallery-item'>         <span class='gallery-icon'>             <a href='https:\/\/univet.hu\/wp-content\/uploads\/2026\/04\/IMG_2619.jpeg'><img loading=\"lazy\" decoding=\"async\" width=\"320\" height=\"320\" src=\"https:\/\/univet.hu\/wp-content\/uploads\/2026\/04\/IMG_2619-320x320.jpeg\" class=\"attachment-thumbnail size-thumbnail\" alt=\"\" srcset=\"https:\/\/univet.hu\/wp-content\/uploads\/2026\/04\/IMG_2619-320x320.jpeg 320w, https:\/\/univet.hu\/wp-content\/uploads\/2026\/04\/IMG_2619-640x640.jpeg 640w\" sizes=\"auto, (max-width: 320px) 100vw, 320px\" \/><\/a>         <\/span><\/li><\/ul>","protected":false},"excerpt":{"rendered":"<p>B\u00e1r Egyetem\u00fcnk \u00e9p\u00fcletei k\u00f6z\u00f6tt egy\u00e1ltal\u00e1n nem k\u00f6nny\u0171 k\u00fcl\u00f6nbs\u00e9get tenni fontoss\u00e1gukat illet\u0151en, az bizonyos, hogy l\u00e9tez\u00e9se \u00f3ta az Istv\u00e1n utcai kampuszon az \u201eA\u201d \u00e9p\u00fcletben f\u00e1radoztak k\u00f6zvetlen\u00fcl a legt\u00f6bb \u00e1llat gy\u00f3gy\u00edt\u00e1s\u00e1n az orvosok \u00e9s seg\u00edt\u0151ik. Ez\u00e9rt is nevezhette az \u00e9p\u00fcleten bel\u00fcl fel\u00faj\u00edtott Belgy\u00f3gy\u00e1szati Tansz\u00e9k \u00e1prilis 22-i \u00e1tad\u00e1s\u00e1t int\u00e9zm\u00e9ny\u00fcnk meg\u00fajul\u00e1s\u00e1nak korszakos l\u00e9p\u00e9sek\u00e9nt Prof.\u00a0 Dr. S\u00f3tonyi P\u00e9ter rektor. J\u00f3l<\/p>\n","protected":false},"author":4837,"featured_media":206308,"comment_status":"closed","ping_status":"closed","sticky":false,"template":"","format":"standard","meta":{"_acf_changed":false,"footnotes":""},"categories":[4,42],"tags":[],"class_list":["post-206301","post","type-post","status-publish","format-standard","has-post-thumbnail","hentry","category-hirek","category-kiemelt"],"acf":[],"_links":{"self":[{"href":"https:\/\/univet.hu\/hu\/wp-json\/wp\/v2\/posts\/206301","targetHints":{"allow":["GET"]}}],"collection":[{"href":"https:\/\/univet.hu\/hu\/wp-json\/wp\/v2\/posts"}],"about":[{"href":"https:\/\/univet.hu\/hu\/wp-json\/wp\/v2\/types\/post"}],"author":[{"embeddable":true,"href":"https:\/\/univet.hu\/hu\/wp-json\/wp\/v2\/users\/4837"}],"replies":[{"embeddable":true,"href":"https:\/\/univet.hu\/hu\/wp-json\/wp\/v2\/comments?post=206301"}],"version-history":[{"count":2,"href":"https:\/\/univet.hu\/hu\/wp-json\/wp\/v2\/posts\/206301\/revisions"}],"predecessor-version":[{"id":206333,"href":"https:\/\/univet.hu\/hu\/wp-json\/wp\/v2\/posts\/206301\/revisions\/206333"}],"wp:featuredmedia":[{"embeddable":true,"href":"https:\/\/univet.hu\/hu\/wp-json\/wp\/v2\/media\/206308"}],"wp:attachment":[{"href":"https:\/\/univet.hu\/hu\/wp-json\/wp\/v2\/media?parent=206301"}],"wp:term":[{"taxonomy":"category","embeddable":true,"href":"https:\/\/univet.hu\/hu\/wp-json\/wp\/v2\/categories?post=206301"},{"taxonomy":"post_tag","embeddable":true,"href":"https:\/\/univet.hu\/hu\/wp-json\/wp\/v2\/tags?post=206301"}],"curies":[{"name":"wp","href":"https:\/\/api.w.org\/{rel}","templated":true}]}}