{"id":210744,"date":"2026-09-01T13:12:03","date_gmt":"2026-09-01T11:12:03","guid":{"rendered":"https:\/\/univet.hu\/?p=210744"},"modified":"2026-09-01T13:12:03","modified_gmt":"2026-09-01T11:12:03","slug":"golyatabornyito-eloadas-nemcsak-tanulasra-valo-az-egyetem","status":"publish","type":"post","link":"https:\/\/univet.hu\/hu\/2026\/09\/golyatabornyito-eloadas-nemcsak-tanulasra-valo-az-egyetem\/","title":{"rendered":"G\u00f3lyat\u00e1bornyit\u00f3 el\u0151ad\u00e1s: Nemcsak tanul\u00e1sra val\u00f3 az egyetem"},"content":{"rendered":"<p><strong>T\u00f6bb mint 200 f\u0151 r\u00e9szv\u00e9tel\u00e9vel, a Hallgat\u00f3i \u00d6nkorm\u00e1nyzat szervez\u00e9s\u00e9ben augusztus 30-\u00e1n Szolnokon, Tiszaligeten kezd\u0151d\u00f6tt az \u00c1llatorvostudom\u00e1nyi Egyetem G\u00f3lyat\u00e1bora. \u00c9ppen csak megt\u00f6rt\u00e9nt a bek\u00f6lt\u00f6z\u00e9s \u00e9s a csoportok elkezdt\u00e9k a csoportz\u00e1szl\u00f3k k\u00e9sz\u00edt\u00e9s\u00e9t, amikor meg\u00e9rkeztek a t\u00e1bor els\u0151 napi vend\u00e9gei, Prof. Dr. S\u00f3tonyi P\u00e9ter rektor, Prof. Dr. \u00d3zsv\u00e1ri L\u00e1szl\u00f3 oktat\u00e1si rektorhelyettes, Dr. Kosztol\u00e1nyi Andr\u00e1s, a Zool\u00f3giai Tansz\u00e9k vezet\u0151je, Horv\u00e1thn\u00e9 Csap\u00f3 T\u00edmea tanulm\u00e1nyi oszt\u00e1lyvezet\u0151 \u00e9s Dr. Na\u00e1r Tam\u00e1s, a Marek J\u00f3zsef Koll\u00e9gium igazgat\u00f3ja. <\/strong><\/p> <p><img loading=\"lazy\" decoding=\"async\" class=\"wp-image-210748 alignleft\" src=\"https:\/\/univet.hu\/wp-content\/uploads\/2026\/09\/IMG_1128-320x213.jpg\" alt=\"\" width=\"544\" height=\"362\" srcset=\"https:\/\/univet.hu\/wp-content\/uploads\/2026\/09\/IMG_1128-320x213.jpg 320w, https:\/\/univet.hu\/wp-content\/uploads\/2026\/09\/IMG_1128-960x640.jpg 960w, https:\/\/univet.hu\/wp-content\/uploads\/2026\/09\/IMG_1128-768x512.jpg 768w, https:\/\/univet.hu\/wp-content\/uploads\/2026\/09\/IMG_1128-1536x1024.jpg 1536w, https:\/\/univet.hu\/wp-content\/uploads\/2026\/09\/IMG_1128-2048x1365.jpg 2048w\" sizes=\"auto, (max-width: 544px) 100vw, 544px\" \/>A hagyom\u00e1nyokat tov\u00e1bb \u00e9ltetve az egyetem vezet\u0151je tartott az egyetemista \u00e9vekre hangol\u00f3 el\u0151ad\u00e1st. Az elhangzottakb\u00f3l nem kell felelni, de l\u00e9nyeg\u00fck be\u00e9p\u00fcl mindazok \u00e9rz\u00e9seibe, gondolataiba, akik majd \u00e1tveszik \u00e1llatorvos-doktori vagy kutat\u00f3 zool\u00f3gusi oklevel\u00fcket a most m\u00e9g k\u00f6dbe rejt\u0151z\u0151 j\u00f6v\u0151ben.<\/p> <p>\u2013 Ez egy k\u00fcl\u00f6nleges iskola, ahol nemcsak tud\u00e1st szereznek majd, hanem az \u00e9let\u00fckre kihat\u00f3 szeml\u00e9letet is kapnak. Ebben eg\u00e9szen biztos vagyok, mert magam is ezt tapasztalom az \u00e9n g\u00f3lyat\u00e1borom \u00f3ta, amibe kort\u00e1rsaimmal egy\u00fctt 53 \u00e9ve gy\u0171lt\u00fcnk \u00f6ssze Baj\u00e1n \u2013 mondta bevezet\u0151j\u00e9ben prof. Dr. S\u00f3tonyi P\u00e9ter, majd \u00edgy folytatta: \u2013 Nagyon l\u00e9nyeges, hogy j\u00f3, bar\u00e1ti viszony alakuljon ki \u00d6n\u00f6k k\u00f6z\u00f6tt, \u00e9s egym\u00e1st tudj\u00e1k seg\u00edteni testv\u00e9ri m\u00f3don.<\/p> <p>K\u00e1r is lenne titkolni, ez az egyetem nem a k\u00f6nnyebbek k\u00f6z\u00e9 tartozik. Azt m\u00e1r tudj\u00e1k, mennyit kellett k\u00f6z\u00e9piskol\u00e1ban tanulni \u00e9s a felv\u00e9telin teljes\u00edteni, hogy beker\u00fcljenek ebbe a k\u00f6z\u00f6ss\u00e9gbe. B\u00edzom benne, hogy itt is tudnak maradni.<\/p> <p>A term\u00e9szetet kutatni, az \u00e1llatokat gy\u00f3gy\u00edtani tal\u00e1n a legfantasztikusabb lehet\u0151s\u00e9g. Ehhez viszont komoly szakmai tud\u00e1sra van sz\u00fcks\u00e9g, aminek elsaj\u00e1t\u00edt\u00e1s\u00e1hoz szorgalomra van sz\u00fcks\u00e9g. Ezt minden fels\u0151bb \u00e9ves igazolja, ha megk\u00e9rdezik \u0151ket.<\/p> <p>Amikor 1787-ben Pesten a vil\u00e1gon harmadikk\u00e9nt l\u00e9trej\u00f6tt az \u00e1llatorvosk\u00e9pz\u00e9s, a j\u00e1rv\u00e1nytan volt a legfontosabb k\u00e9rd\u00e9s. H\u00e1t ez nem sokat v\u00e1ltozott, ma is a j\u00e1rv\u00e1nytani k\u00e9rd\u00e9sek hat\u00e1rozz\u00e1k meg az \u00e9let\u00fcnket.<\/p> <p>Az egyetem vezet\u0151je kiemelte, hogy az \u00e1llatorvosi munka glob\u00e1lis hat\u00e1s\u00fa.<img loading=\"lazy\" decoding=\"async\" class=\"wp-image-210694 alignright\" src=\"https:\/\/univet.hu\/wp-content\/uploads\/2026\/08\/IMG_1118-320x213.jpg\" alt=\"\" width=\"467\" height=\"311\" srcset=\"https:\/\/univet.hu\/wp-content\/uploads\/2026\/08\/IMG_1118-320x213.jpg 320w, https:\/\/univet.hu\/wp-content\/uploads\/2026\/08\/IMG_1118-960x640.jpg 960w, https:\/\/univet.hu\/wp-content\/uploads\/2026\/08\/IMG_1118-768x512.jpg 768w, https:\/\/univet.hu\/wp-content\/uploads\/2026\/08\/IMG_1118-1536x1024.jpg 1536w, https:\/\/univet.hu\/wp-content\/uploads\/2026\/08\/IMG_1118-2048x1365.jpg 2048w\" sizes=\"auto, (max-width: 467px) 100vw, 467px\" \/><\/p> <p>\u2013 Az eur\u00f3pai embereket kev\u00e9sb\u00e9 \u00e9rdekli, hogy hogyan gy\u00f3gy\u00edtja a magyar \u00e1llatorvos a kiscic\u00e1t, az viszont nagyon, hogy milyen \u00e9lelmiszer ker\u00fcl innen a vil\u00e1gba. Az \u00e9lelmiszerellen\u0151rz\u00e9s az \u00e1llatorvosok kez\u00e9ben volt \u00e9s ott is kell, hogy maradjon. Az \u00e1llatorvos kapja meg az ehhez sz\u00fcks\u00e9ges komplex ismereteket.<\/p> <p>Prof. Dr. S\u00f3tonyi P\u00e9ter \u00e9lete legnagyobb siker\u00e9nek tartja, hogy kezdem\u00e9nyez\u00e9s\u00e9re t\u00edz \u00e9vvel ezel\u0151tt az Orsz\u00e1ggy\u0171l\u00e9s d\u00f6nt\u00e9s\u00e9vel a 240 \u00e9ves egyetem visszanyerte szervezeti \u00f6n\u00e1ll\u00f3s\u00e1g\u00e1t.<\/p> <p>A fels\u0151fok\u00fa tanulm\u00e1nyok kiindul\u00f3pontjak\u00e9nt az el\u0151ad\u00e1sok l\u00e1togat\u00e1s\u00e1t tan\u00e1csolta a g\u00f3ly\u00e1knak. Az interneten val\u00f3 keresg\u00e9l\u00e9s helyett pedig azt k\u00e9rte, hogy a min\u0151s\u00e9g\u00e9ben ellen\u0151rz\u00f6tt tank\u00f6nyvekb\u0151l \u00e9rts\u00e9k meg a betegs\u00e9geket, az \u00f6sszef\u00fcgg\u00e9seket, a lexik\u00e1lis anyagokat.<\/p> <p>Az \u00c1llatorvostudom\u00e1nyi Egyetemr\u0151l k\u00f6zismert, hogy sz\u00e1mtalan nevet meg kell tanulni. Rektor \u00far els\u0151k\u00e9nt a musculus extensor carpi radialist, az ors\u00f3csonti csukl\u00f3fesz\u00edt\u0151 izmot eml\u00edtette \u00e9s mutatta be kez\u00e9n a hallgat\u00f3s\u00e1gnak. \u00c9s ebb\u0151l t\u00f6bb ezer van! \u2013 f\u0171zte hozz\u00e1. \u2013 De ehhez nem kell k\u00fcl\u00f6n\u00f6sebb agy. Le kell \u00fclni \u00e9s be kell v\u00e1gni a nevez\u00e9ktant. Ha meg\u00e9rtett\u00e9k a logik\u00e1j\u00e1t, k\u00f6nnyebben elboldogulnak az anat\u00f3mia vil\u00e1g\u00e1ban. Egy adott szervet az\u00e9rt kell tudni kiprepar\u00e1lni, hogy k\u00e9s\u0151bb oper\u00e1lni is tudj\u00e1k.<\/p> <p>\u2013 H\u00e9tr\u0151l h\u00e9tre tanulni kell, sokkal t\u00f6bbet, mint a gimn\u00e1ziumban. De csak tanulni \u00e9veken \u00e1t nem lehet. Nem is csak tanul\u00e1sra val\u00f3 az egyetem, mert ha \u00edgy lenne, nem \u00e1ll\u00edthatn\u00e1m azt, hogy egyetemist\u00e1nak lenni a vil\u00e1g legjobb dolga. Tanuljanak meg \u00e9lni, bar\u00e1tkozni egym\u00e1ssal \u00e9s haszn\u00e1lj\u00e1k ki Budapest, a vil\u00e1gv\u00e1ros adta lehet\u0151s\u00e9geket! \u00d6n\u00f6k k\u00f6z\u00fcl mindenki besz\u00e9l idegen nyelvet. Legyenek nyitottak, hihetetlen\u00fcl sokat nyerhetnek ezzel. M\u00e1r csup\u00e1n az\u00e9rt is, mert az \u00c1llatorvostudom\u00e1nyi Egyetemen t\u00f6bb k\u00fclf\u00f6ldi tanul, mint ah\u00e1ny magyar. Sokszor nehezen ny\u00edlnak meg \u0151k is, hiszen haz\u00e1jukt\u00f3l t\u00e1vol egy idegen orsz\u00e1gban kell tanulniuk.<\/p> <p><img loading=\"lazy\" decoding=\"async\" class=\"wp-image-210691 alignleft\" src=\"https:\/\/univet.hu\/wp-content\/uploads\/2026\/08\/IMG_1227-320x213.jpg\" alt=\"\" width=\"472\" height=\"314\" srcset=\"https:\/\/univet.hu\/wp-content\/uploads\/2026\/08\/IMG_1227-320x213.jpg 320w, https:\/\/univet.hu\/wp-content\/uploads\/2026\/08\/IMG_1227-960x640.jpg 960w, https:\/\/univet.hu\/wp-content\/uploads\/2026\/08\/IMG_1227-768x512.jpg 768w, https:\/\/univet.hu\/wp-content\/uploads\/2026\/08\/IMG_1227-1536x1024.jpg 1536w, https:\/\/univet.hu\/wp-content\/uploads\/2026\/08\/IMG_1227-2048x1365.jpg 2048w\" sizes=\"auto, (max-width: 472px) 100vw, 472px\" \/>G\u00f3ly\u00e1ink sokszor hallj\u00e1k majd az alma mater kifejez\u00e9st, amely \u00e1tvitt \u00e9rtelemben az egyetemeket jel\u00f6li \u00e9s a t\u00e1pl\u00e1l\u00f3 any\u00e1t jelenti.<\/p> <p>\u2013 Mi olyan k\u00fcl\u00f6nleges egyetem polg\u00e1rai vagyunk \u2013 emelte ki Prof. Dr. S\u00f3tonyi P\u00e9ter \u2013, ahol a tan\u00e1rok \u00e9s a tan\u00edtv\u00e1nyok egy\u00fctt koll\u00e9g\u00e1k.<\/p> <p>A vezet\u0151k l\u00e1togat\u00e1s\u00e1t a g\u00f3ly\u00e1k t\u00e1nca z\u00e1rta.<\/p> <p style=\"text-align: right\"><em>Bal\u00e1zs Guszt\u00e1v<\/em><\/p> <p>Tov\u00e1bbi k\u00e9pek\u00e9rt kattints a <a href=\"https:\/\/univet.hu\/hu\/2026\/08\/golyatabor-2026\/\">gal\u00e9ri\u00e1nkra<\/a>!<\/p>","protected":false},"excerpt":{"rendered":"<p>T\u00f6bb mint 200 f\u0151 r\u00e9szv\u00e9tel\u00e9vel, a Hallgat\u00f3i \u00d6nkorm\u00e1nyzat szervez\u00e9s\u00e9ben augusztus 30-\u00e1n Szolnokon, Tiszaligeten kezd\u0151d\u00f6tt az \u00c1llatorvostudom\u00e1nyi Egyetem G\u00f3lyat\u00e1bora. \u00c9ppen csak megt\u00f6rt\u00e9nt a bek\u00f6lt\u00f6z\u00e9s \u00e9s a csoportok elkezdt\u00e9k a csoportz\u00e1szl\u00f3k k\u00e9sz\u00edt\u00e9s\u00e9t, amikor meg\u00e9rkeztek a t\u00e1bor els\u0151 napi vend\u00e9gei, Prof. Dr. S\u00f3tonyi P\u00e9ter rektor, Prof. Dr. \u00d3zsv\u00e1ri L\u00e1szl\u00f3 oktat\u00e1si rektorhelyettes, Dr. Kosztol\u00e1nyi Andr\u00e1s, a Zool\u00f3giai Tansz\u00e9k vezet\u0151je,<\/p>\n","protected":false},"author":4837,"featured_media":210688,"comment_status":"closed","ping_status":"closed","sticky":false,"template":"","format":"standard","meta":{"_acf_changed":false,"footnotes":""},"categories":[4,42],"tags":[],"class_list":["post-210744","post","type-post","status-publish","format-standard","has-post-thumbnail","hentry","category-hirek","category-kiemelt"],"acf":[],"_links":{"self":[{"href":"https:\/\/univet.hu\/hu\/wp-json\/wp\/v2\/posts\/210744","targetHints":{"allow":["GET"]}}],"collection":[{"href":"https:\/\/univet.hu\/hu\/wp-json\/wp\/v2\/posts"}],"about":[{"href":"https:\/\/univet.hu\/hu\/wp-json\/wp\/v2\/types\/post"}],"author":[{"embeddable":true,"href":"https:\/\/univet.hu\/hu\/wp-json\/wp\/v2\/users\/4837"}],"replies":[{"embeddable":true,"href":"https:\/\/univet.hu\/hu\/wp-json\/wp\/v2\/comments?post=210744"}],"version-history":[{"count":5,"href":"https:\/\/univet.hu\/hu\/wp-json\/wp\/v2\/posts\/210744\/revisions"}],"predecessor-version":[{"id":210756,"href":"https:\/\/univet.hu\/hu\/wp-json\/wp\/v2\/posts\/210744\/revisions\/210756"}],"wp:featuredmedia":[{"embeddable":true,"href":"https:\/\/univet.hu\/hu\/wp-json\/wp\/v2\/media\/210688"}],"wp:attachment":[{"href":"https:\/\/univet.hu\/hu\/wp-json\/wp\/v2\/media?parent=210744"}],"wp:term":[{"taxonomy":"category","embeddable":true,"href":"https:\/\/univet.hu\/hu\/wp-json\/wp\/v2\/categories?post=210744"},{"taxonomy":"post_tag","embeddable":true,"href":"https:\/\/univet.hu\/hu\/wp-json\/wp\/v2\/tags?post=210744"}],"curies":[{"name":"wp","href":"https:\/\/api.w.org\/{rel}","templated":true}]}}