{"id":210765,"date":"2026-09-02T13:20:30","date_gmt":"2026-09-02T11:20:30","guid":{"rendered":"https:\/\/univet.hu\/?p=210765"},"modified":"2026-09-02T13:20:30","modified_gmt":"2026-09-02T11:20:30","slug":"kijeloltek-a-marek-jozsef-alapitvany-uj-kuratoriumi-es-felugyelobizottsagi-tagjait","status":"publish","type":"post","link":"https:\/\/univet.hu\/hu\/2026\/09\/kijeloltek-a-marek-jozsef-alapitvany-uj-kuratoriumi-es-felugyelobizottsagi-tagjait\/","title":{"rendered":"Kijel\u00f6lt\u00e9k a Marek J\u00f3zsef Alap\u00edtv\u00e1ny \u00faj kurat\u00f3riumi \u00e9s fel\u00fcgyel\u0151bizotts\u00e1gi tagjait"},"content":{"rendered":"<p class=\"isSelectedEnd\">Az Oktat\u00e1si \u00e9s Gyermek\u00fcgyi Miniszt\u00e9rium 2026. szeptember 1-jei hat\u00e1llyal kijel\u00f6lte a Marek J\u00f3zsef Alap\u00edtv\u00e1ny kurat\u00f3rium\u00e1nak \u00e9s fel\u00fcgyel\u0151bizotts\u00e1g\u00e1nak tagjait.<\/p> <p class=\"isSelectedEnd\">A kurat\u00f3rium tagjai:<\/p> <ul data-spread=\"false\"> <li>Dr. Gerencs\u00e9r Ferenc<\/li> <li>Z\u00e1szl\u00f3s Tibor<\/li> <li>Dr. Kov\u00e1cs Melinda Beatrix<\/li> <li>Buz\u00e1si Zolt\u00e1n P\u00e9ter<\/li> <li>Dr. K\u00f6nyves L\u00e1szl\u00f3 P\u00e9ter<\/li> <\/ul> <p class=\"isSelectedEnd\">A fel\u00fcgyel\u0151bizotts\u00e1g tagjai:<\/p> <ul data-spread=\"false\"> <li>Dr. Sziebert Gergely Elek<\/li> <li>Dr. Aladics Bal\u00e1zs S\u00e1ndor<\/li> <li>Dr. Magyar Tibor<\/li> <\/ul> <p class=\"isSelectedEnd\">Az alap\u00edt\u00f3i jogok gyakorl\u00f3jak\u00e9nt az Oktat\u00e1si \u00e9s Gyermek\u00fcgyi Miniszt\u00e9rium egy\u00fattal kijel\u00f6lte a kurat\u00f3rium \u00e9s a fel\u00fcgyel\u0151bizotts\u00e1g eln\u00f6k\u00e9t is.<\/p> <p class=\"isSelectedEnd\"><strong>A kurat\u00f3rium eln\u00f6ke:<\/strong> Buz\u00e1si Zolt\u00e1n P\u00e9ter<\/p> <p class=\"isSelectedEnd\"><strong>A fel\u00fcgyel\u0151bizotts\u00e1g eln\u00f6ke:<\/strong> Dr. Magyar Tibor<\/p> <p>A Marek J\u00f3zsef Alap\u00edtv\u00e1ny ez\u00faton is k\u00f6sz\u00f6nti a kijel\u00f6lt tiszts\u00e9gvisel\u0151ket, \u00e9s eredm\u00e9nyes munk\u00e1t k\u00edv\u00e1n sz\u00e1mukra az Alap\u00edtv\u00e1ny c\u00e9ljainak megval\u00f3s\u00edt\u00e1s\u00e1hoz.<\/p>","protected":false},"excerpt":{"rendered":"<p>Az Oktat\u00e1si \u00e9s Gyermek\u00fcgyi Miniszt\u00e9rium 2026. szeptember 1-jei hat\u00e1llyal kijel\u00f6lte a Marek J\u00f3zsef Alap\u00edtv\u00e1ny kurat\u00f3rium\u00e1nak \u00e9s fel\u00fcgyel\u0151bizotts\u00e1g\u00e1nak tagjait. A kurat\u00f3rium tagjai: Dr. Gerencs\u00e9r Ferenc Z\u00e1szl\u00f3s Tibor Dr. Kov\u00e1cs Melinda Beatrix Buz\u00e1si Zolt\u00e1n P\u00e9ter Dr. K\u00f6nyves L\u00e1szl\u00f3 P\u00e9ter A fel\u00fcgyel\u0151bizotts\u00e1g tagjai: Dr. Sziebert Gergely Elek Dr. Aladics Bal\u00e1zs S\u00e1ndor Dr. Magyar Tibor Az alap\u00edt\u00f3i jogok gyakorl\u00f3jak\u00e9nt<\/p>\n","protected":false},"author":4837,"featured_media":210766,"comment_status":"closed","ping_status":"closed","sticky":false,"template":"","format":"standard","meta":{"_acf_changed":false,"footnotes":""},"categories":[4,42],"tags":[],"class_list":["post-210765","post","type-post","status-publish","format-standard","has-post-thumbnail","hentry","category-hirek","category-kiemelt"],"acf":[],"_links":{"self":[{"href":"https:\/\/univet.hu\/hu\/wp-json\/wp\/v2\/posts\/210765","targetHints":{"allow":["GET"]}}],"collection":[{"href":"https:\/\/univet.hu\/hu\/wp-json\/wp\/v2\/posts"}],"about":[{"href":"https:\/\/univet.hu\/hu\/wp-json\/wp\/v2\/types\/post"}],"author":[{"embeddable":true,"href":"https:\/\/univet.hu\/hu\/wp-json\/wp\/v2\/users\/4837"}],"replies":[{"embeddable":true,"href":"https:\/\/univet.hu\/hu\/wp-json\/wp\/v2\/comments?post=210765"}],"version-history":[{"count":1,"href":"https:\/\/univet.hu\/hu\/wp-json\/wp\/v2\/posts\/210765\/revisions"}],"predecessor-version":[{"id":210767,"href":"https:\/\/univet.hu\/hu\/wp-json\/wp\/v2\/posts\/210765\/revisions\/210767"}],"wp:featuredmedia":[{"embeddable":true,"href":"https:\/\/univet.hu\/hu\/wp-json\/wp\/v2\/media\/210766"}],"wp:attachment":[{"href":"https:\/\/univet.hu\/hu\/wp-json\/wp\/v2\/media?parent=210765"}],"wp:term":[{"taxonomy":"category","embeddable":true,"href":"https:\/\/univet.hu\/hu\/wp-json\/wp\/v2\/categories?post=210765"},{"taxonomy":"post_tag","embeddable":true,"href":"https:\/\/univet.hu\/hu\/wp-json\/wp\/v2\/tags?post=210765"}],"curies":[{"name":"wp","href":"https:\/\/api.w.org\/{rel}","templated":true}]}}