{"id":6457,"date":"2018-07-02T15:29:00","date_gmt":"2018-07-02T13:29:00","guid":{"rendered":"http:\/\/univet.hu\/2018\/07\/02\/gratulalunk-dr-gaspardy-andrasnak-a-dagene-egyesulet-uj-elnokenek\/"},"modified":"2024-12-30T23:09:24","modified_gmt":"2024-12-30T22:09:24","slug":"gratulalunk-dr-gaspardy-andrasnak-a-dagene-egyesulet-uj-elnokenek","status":"publish","type":"post","link":"https:\/\/univet.hu\/hu\/2018\/07\/gratulalunk-dr-gaspardy-andrasnak-a-dagene-egyesulet-uj-elnokenek\/","title":{"rendered":"Gratul\u00e1lunk Dr. G\u00e1sp\u00e1rdy Andr\u00e1snak, a DAGENE Egyes\u00fclet \u00faj eln\u00f6k\u00e9nek"},"content":{"rendered":"<div> <p><strong>Id&eacute;n haz&aacute;nkban, j&uacute;nius 24-27. k&ouml;z&ouml;tt tartotta a DAGENE Egyes&uuml;let (Dunamenti &Aacute;llatfajt&aacute;k G&eacute;nmeg\u0151rz\u0151 Nemzetk&ouml;zi Egyes&uuml;lete) nemzetk&ouml;zi konferenci&aacute;j&aacute;t &eacute;s tiszt&uacute;j&iacute;t&oacute; k&ouml;zgy\u0171l&eacute;s&eacute;t, ahol Dr. G&aacute;sp&aacute;rdy Andr&aacute;st, az &Aacute;llatorvostudom&aacute;nyi Egyetem &Aacute;llatteny&eacute;szt&eacute;si, Takarm&aacute;nyoz&aacute;stani &eacute;s Labor&aacute;llat-tudom&aacute;nyi Tansz&eacute;k&eacute;nek vezet\u0151j&eacute;t v&aacute;lasztott&aacute;k az Egyes&uuml;let &uacute;j eln&ouml;k&eacute;nek.<img decoding=\"async\" alt=\"\" src=\"https:\/\/univet.hu\/files\/news\/238\/images\/dagene_logo.jpg\" data-replaced=\"true\" style=\"float:right; height:180px; margin:5px; width:250px\" \/><\/strong><\/p> <p><em><strong>Az Egyes&uuml;letr\u0151l<\/strong><\/em><\/p> <p>A <strong>DAGENE Egyes&uuml;letet<\/strong> kutat&oacute;k &eacute;s &aacute;llatteny&eacute;szt\u0151k hozt&aacute;k l&eacute;tre a vesz&eacute;lyeztetett \u0151shonos &aacute;llatfajt&aacute;k v&eacute;delm&eacute;re a Duna-medence t&eacute;rs&eacute;g&eacute;ben. A tudom&aacute;nyos t&aacute;rsas&aacute;g t&ouml;bb &eacute;ves tev&eacute;kenys&eacute;get k&ouml;vet\u0151en 1998-ban d&ouml;nt&ouml;tt az egyes&uuml;let alap&iacute;t&aacute;s&aacute;r&oacute;l, amely 1999 janu&aacute;rj&aacute;ban nyert b&iacute;r&oacute;s&aacute;gi bejegyz&eacute;st.&nbsp;<\/p> <p>A DAGENE, mint nemzetk&ouml;zi haszon&aacute;llat-g&eacute;nmeg\u0151rz\u0151 szervezet, meghat&aacute;roz&oacute; szerepet j&aacute;tszik a mai &eacute;s az egykori politikai hat&aacute;rokt&oacute;l f&uuml;ggetlen&uuml;l m&eacute;g fellelhet\u0151 t&aacute;jfajt&aacute;k megment&eacute;s&eacute;ben. Az elhivatott szakemberekb\u0151l &aacute;ll&oacute; g&eacute;nmeg\u0151rz\u0151 csapat az&eacute;rt dolgozik, hogy a K&aacute;rp&aacute;t-medence egykori &aacute;llatteny&eacute;szt&eacute;si soksz&iacute;n\u0171s&eacute;g&eacute;nek &eacute;s hagyom&aacute;nyainak egy r&eacute;sz&eacute;t, ha m&aacute;s form&aacute;ban is, ut&oacute;daink haszn&aacute;ra megmentse.<\/p> <p>A DAGENE a tudom&aacute;nyos kutat&aacute;saik mellett azt is vizsg&aacute;lja, hogy a mai &eacute;letk&ouml;r&uuml;lm&eacute;nyek, a kl&iacute;mav&aacute;ltoz&aacute;s milyen hat&aacute;ssal vannak az \u0151shonos fajt&aacute;kra, hogyan tal&aacute;lj&aacute;k meg a hely&uuml;ket a megv&aacute;ltozott k&ouml;r&uuml;lm&eacute;nyek k&ouml;z&ouml;tt.<\/p> <p><strong>Az Egyes&uuml;letnek eredm&eacute;nyes munk&aacute;t &eacute;s Dr. G&aacute;sp&aacute;rdy &Aacute;ndr&aacute;snak pedig sok sikert k&iacute;v&aacute;nunk!<\/strong><\/p> <\/p><\/div>","protected":false},"excerpt":{"rendered":"<p>M\u00falt h\u00e9ten tartotta az Egyes\u00fclet tiszt\u00faj\u00edt\u00f3 k\u00f6zgy\u0171l\u00e9s\u00e9t<\/p>\n","protected":false},"author":5823,"featured_media":0,"comment_status":"closed","ping_status":"closed","sticky":false,"template":"","format":"standard","meta":{"_acf_changed":false,"footnotes":""},"categories":[4,42],"tags":[],"class_list":["post-6457","post","type-post","status-publish","format-standard","hentry","category-hirek","category-kiemelt"],"acf":[],"_links":{"self":[{"href":"https:\/\/univet.hu\/hu\/wp-json\/wp\/v2\/posts\/6457","targetHints":{"allow":["GET"]}}],"collection":[{"href":"https:\/\/univet.hu\/hu\/wp-json\/wp\/v2\/posts"}],"about":[{"href":"https:\/\/univet.hu\/hu\/wp-json\/wp\/v2\/types\/post"}],"author":[{"embeddable":true,"href":"https:\/\/univet.hu\/hu\/wp-json\/wp\/v2\/users\/5823"}],"replies":[{"embeddable":true,"href":"https:\/\/univet.hu\/hu\/wp-json\/wp\/v2\/comments?post=6457"}],"version-history":[{"count":1,"href":"https:\/\/univet.hu\/hu\/wp-json\/wp\/v2\/posts\/6457\/revisions"}],"predecessor-version":[{"id":171798,"href":"https:\/\/univet.hu\/hu\/wp-json\/wp\/v2\/posts\/6457\/revisions\/171798"}],"wp:attachment":[{"href":"https:\/\/univet.hu\/hu\/wp-json\/wp\/v2\/media?parent=6457"}],"wp:term":[{"taxonomy":"category","embeddable":true,"href":"https:\/\/univet.hu\/hu\/wp-json\/wp\/v2\/categories?post=6457"},{"taxonomy":"post_tag","embeddable":true,"href":"https:\/\/univet.hu\/hu\/wp-json\/wp\/v2\/tags?post=6457"}],"curies":[{"name":"wp","href":"https:\/\/api.w.org\/{rel}","templated":true}]}}