{"id":65167,"date":"2021-06-17T12:37:02","date_gmt":"2021-06-17T10:37:02","guid":{"rendered":"https:\/\/univet.hu\/?p=65167"},"modified":"2021-10-27T10:18:44","modified_gmt":"2021-10-27T08:18:44","slug":"elismero-oklevel-az-allatorvostudomanyi-egyetemnek","status":"publish","type":"post","link":"https:\/\/univet.hu\/hu\/2021\/06\/elismero-oklevel-az-allatorvostudomanyi-egyetemnek\/","title":{"rendered":"Elismer\u0151 oklev\u00e9l az \u00c1llatorvostudom\u00e1nyi Egyetemnek"},"content":{"rendered":"<p>A Magyar Asszonyok \u00c9rdeksz\u00f6vets\u00e9ge a csal\u00e1dok nemzetk\u00f6zi napja alkalm\u00e1b\u00f3l imm\u00e1r \u00f6t\u00f6dik \u00e9ve adom\u00e1nyozza a Magyar Csal\u00e1dok\u00e9rt d\u00edjat a magyar csal\u00e1dok \u00e9rdek\u00e9ben v\u00e9gzett tudom\u00e1nyos, k\u00f6z\u00e9leti, karitat\u00edv, k\u00f6z\u00f6ss\u00e9g\u00e9p\u00edt\u0151 tev\u00e9kenys\u00e9g \u00e9s szem\u00e9lyes p\u00e9ldamutat\u00e1s elismer\u00e9sek\u00e9nt. Az esem\u00e9nyen Varga Judit igazs\u00e1g\u00fcgyi miniszter elismer\u0151 oklevelet adott \u00e1t az \u00c1llatorvostudom\u00e1nyi Egyetem pand\u00e9mia alatt \u00f6nk\u00e9ntes munk\u00e1t v\u00e9gzett hallgat\u00f3inak, akiket Hor\u00e1k Tamara \u00f6t\u00f6d\u00e9ves \u00e1llatorvostan-hallgat\u00f3 k\u00e9pviselt. A miniszter hangs\u00falyozta, hogy\u00a0a vil\u00e1gj\u00e1rv\u00e1ny id\u0151szak\u00e1ban a fiatalok p\u00e9ld\u00e1t mutattak mindannyiunk sz\u00e1m\u00e1ra b\u00e1tors\u00e1gb\u00f3l, fegyelmezetts\u00e9gb\u0151l, bajt\u00e1rsiass\u00e1gb\u00f3l \u00e9s \u00f6sszefog\u00e1sb\u00f3l.<\/p> <p><a href=\"https:\/\/univet.hu\/wp-content\/uploads\/2021\/06\/MagyarCsal\u00e1dok\u00e9rtD\u00eej\u00e0tad\u00f4087.jpg\"><img loading=\"lazy\" decoding=\"async\" class=\"aligncenter size-large wp-image-65168\" src=\"https:\/\/univet.hu\/wp-content\/uploads\/2021\/06\/MagyarCsal\u00e1dok\u00e9rtD\u00eej\u00e0tad\u00f4087-960x641.jpg\" alt=\"\" width=\"640\" height=\"427\" srcset=\"https:\/\/univet.hu\/wp-content\/uploads\/2021\/06\/MagyarCsal\u00e1dok\u00e9rtD\u00eej\u00e0tad\u00f4087-960x641.jpg 960w, https:\/\/univet.hu\/wp-content\/uploads\/2021\/06\/MagyarCsal\u00e1dok\u00e9rtD\u00eej\u00e0tad\u00f4087-320x214.jpg 320w, https:\/\/univet.hu\/wp-content\/uploads\/2021\/06\/MagyarCsal\u00e1dok\u00e9rtD\u00eej\u00e0tad\u00f4087-768x513.jpg 768w\" sizes=\"auto, (max-width: 640px) 100vw, 640px\" \/><\/a><\/p> <p>Fot\u00f3:\u00a0<strong>Grazmel Photography<\/strong><\/p>","protected":false},"excerpt":{"rendered":"<p>Az esem\u00e9nyen Varga Judit igazs\u00e1g\u00fcgyi miniszter elismer\u0151 oklevelet adott \u00e1t az \u00c1llatorvostudom\u00e1nyi Egyetem pand\u00e9mia alatt \u00f6nk\u00e9ntes munk\u00e1t v\u00e9gzett hallgat\u00f3inak, akiket Hor\u00e1k Tamara \u00f6t\u00f6d\u00e9ves \u00e1llatorvostan-hallgat\u00f3 k\u00e9pviselt. A miniszter hangs\u00falyozta, hogy\u00a0a vil\u00e1gj\u00e1rv\u00e1ny id\u0151szak\u00e1ban a fiatalok p\u00e9ld\u00e1t mutattak mindannyiunk sz\u00e1m\u00e1ra b\u00e1tors\u00e1gb\u00f3l, fegyelmezetts\u00e9gb\u0151l, bajt\u00e1rsiass\u00e1gb\u00f3l \u00e9s \u00f6sszefog\u00e1sb\u00f3l.<\/p>\n","protected":false},"author":2518,"featured_media":0,"comment_status":"closed","ping_status":"closed","sticky":false,"template":"","format":"standard","meta":{"_acf_changed":false,"footnotes":""},"categories":[4,42],"tags":[],"class_list":["post-65167","post","type-post","status-publish","format-standard","hentry","category-hirek","category-kiemelt"],"acf":[],"_links":{"self":[{"href":"https:\/\/univet.hu\/hu\/wp-json\/wp\/v2\/posts\/65167","targetHints":{"allow":["GET"]}}],"collection":[{"href":"https:\/\/univet.hu\/hu\/wp-json\/wp\/v2\/posts"}],"about":[{"href":"https:\/\/univet.hu\/hu\/wp-json\/wp\/v2\/types\/post"}],"author":[{"embeddable":true,"href":"https:\/\/univet.hu\/hu\/wp-json\/wp\/v2\/users\/2518"}],"replies":[{"embeddable":true,"href":"https:\/\/univet.hu\/hu\/wp-json\/wp\/v2\/comments?post=65167"}],"version-history":[{"count":0,"href":"https:\/\/univet.hu\/hu\/wp-json\/wp\/v2\/posts\/65167\/revisions"}],"wp:attachment":[{"href":"https:\/\/univet.hu\/hu\/wp-json\/wp\/v2\/media?parent=65167"}],"wp:term":[{"taxonomy":"category","embeddable":true,"href":"https:\/\/univet.hu\/hu\/wp-json\/wp\/v2\/categories?post=65167"},{"taxonomy":"post_tag","embeddable":true,"href":"https:\/\/univet.hu\/hu\/wp-json\/wp\/v2\/tags?post=65167"}],"curies":[{"name":"wp","href":"https:\/\/api.w.org\/{rel}","templated":true}]}}