{"id":69196,"date":"2021-10-27T12:24:29","date_gmt":"2021-10-27T10:24:29","guid":{"rendered":"https:\/\/univet.hu\/?p=69196"},"modified":"2021-10-27T15:33:21","modified_gmt":"2021-10-27T13:33:21","slug":"meghivo-dr-banyai-krisztian-habilitacios-eloadasaira","status":"publish","type":"post","link":"https:\/\/univet.hu\/hu\/2021\/10\/meghivo-dr-banyai-krisztian-habilitacios-eloadasaira\/","title":{"rendered":"Megh\u00edv\u00f3: dr. B\u00e1nyai Kriszti\u00e1n habilit\u00e1ci\u00f3s el\u0151ad\u00e1saira\u00a0"},"content":{"rendered":"<p><a href=\"https:\/\/univet.hu\/wp-content\/uploads\/2018\/11\/UNIVET-logo-2017-P2350C.jpg\"><img loading=\"lazy\" decoding=\"async\" class=\"wp-image-31673 aligncenter\" src=\"https:\/\/univet.hu\/wp-content\/uploads\/2018\/11\/UNIVET-logo-2017-P2350C-320x320.jpg\" alt=\"\" width=\"150\" height=\"150\" srcset=\"https:\/\/univet.hu\/wp-content\/uploads\/2018\/11\/UNIVET-logo-2017-P2350C-320x320.jpg 320w, https:\/\/univet.hu\/wp-content\/uploads\/2018\/11\/UNIVET-logo-2017-P2350C-768x768.jpg 768w, https:\/\/univet.hu\/wp-content\/uploads\/2018\/11\/UNIVET-logo-2017-P2350C-960x960.jpg 960w, https:\/\/univet.hu\/wp-content\/uploads\/2018\/11\/UNIVET-logo-2017-P2350C-640x640.jpg 640w, https:\/\/univet.hu\/wp-content\/uploads\/2018\/11\/UNIVET-logo-2017-P2350C.jpg 1375w\" sizes=\"auto, (max-width: 150px) 100vw, 150px\" \/><\/a><\/p> <p style=\"text-align: center;\"><strong>M E G H \u00cd V \u00d3<\/strong><\/p> <p style=\"text-align: center;\">Az \u00c1llatorvostudom\u00e1nyi Egyetem<\/p> <p style=\"text-align: center;\">Doktori \u00e9s Habilit\u00e1ci\u00f3s Tan\u00e1cs megh\u00edvja \u00d6nt<\/p> <p style=\"text-align: center;\"><strong>Dr. B\u00e1nyai Kriszti\u00e1n<\/strong><\/p> <p style=\"text-align: center;\">habilit\u00e1ci\u00f3s el\u0151ad\u00e1saira<strong>\u00a0<\/strong><\/p> <p><strong>Az el\u0151ad\u00e1sokon a bizotts\u00e1gi tagokon k\u00edv\u00fcl az el\u0151ad\u00f3 szem\u00e9lyes r\u00e9szv\u00e9tele mellett a hallgat\u00f3s\u00e1g online k\u00f6vetheti az esem\u00e9nyt.<\/strong><\/p> <p>&nbsp;<\/p> <p><u>Magyar nyelv\u0171 tantermi el\u0151ad\u00e1s:<\/u><\/p> <p><strong>\u00c1llatorvosi virol\u00f3gia: Reoviridae I. Rotav\u00edrusok <\/strong><\/p> <p>Id\u0151pontja:<strong>\u00a0\u00a0\u00a0 2021. november 02. 14:00<\/strong><\/p> <p>Helysz\u00edne:\u00a0\u00a0\u00a0 <strong>\u00c1llatorvostudom\u00e1nyi Egyetem,<\/strong><\/p> <p><strong>Anat\u00f3ma E \u00e9p\u00fclet \u2013 Anat\u00f3miai M\u00fazeum<\/strong><\/p> <p>&nbsp;<\/p> <p><u>Angol nyelv\u0171 tudom\u00e1nyos el\u0151ad\u00e1s:<\/u><\/p> <p><strong>Characterization of zoonotic rotaviruses by using whole genome sequence data<\/strong><\/p> <p>Id\u0151pontja:<strong>\u00a0\u00a0\u00a0 2021. november 02. 14:45<\/strong><\/p> <p>Helysz\u00edne:\u00a0\u00a0\u00a0 <strong>\u00c1llatorvostudom\u00e1nyi Egyetem,<\/strong><\/p> <p><strong>Anat\u00f3ma E \u00e9p\u00fclet \u2013 Anat\u00f3miai M\u00fazeum<\/strong><\/p> <p><strong>\u00a0<\/strong><\/p> <p>Bejelentkezni az el\u0151ad\u00e1sokra az al\u00e1bbi linken lesz lehets\u00e9ges:<\/p> <p style=\"text-align: center;\"><strong><a href=\"https:\/\/teams.microsoft.com\/l\/meetup-join\/19%3ameeting_ZTA4ZDkwNjgtMmIzOC00YzIyLWEyN2QtZTM1Mjg3NWMzYjc3%40thread.v2\/0?context=%7b%22Tid%22%3a%223d888f70-bd6a-4491-8913-da9d1bafc747%22%2c%22Oid%22%3a%22c683d411-3d8f-471f-967c-ad6e75584b41%22%7d\">Dr. B\u00e1nyai Kriszti\u00e1n habilit\u00e1ci\u00f3 online link<\/a><\/strong><\/p> <p>&nbsp;<\/p> <p>Az el\u0151ad\u00e1sok el\u0151tt 15-20 perccel m\u00e1r lehet csatlakozni a Microsoft Teams program seg\u00edts\u00e9g\u00e9vel.<\/p> <p><strong>\u00a0<\/strong><\/p> <p>&nbsp;<\/p> <p style=\"text-align: right;\">Dr. G\u00e1lfi P\u00e9ter s.k.<\/p> <p style=\"text-align: right;\">a Doktori \u00e9s Habilit\u00e1ci\u00f3s Tan\u00e1cs eln\u00f6ke<\/p>","protected":false},"excerpt":{"rendered":"<p>M E G H \u00cd V \u00d3 Az \u00c1llatorvostudom\u00e1nyi Egyetem Doktori \u00e9s Habilit\u00e1ci\u00f3s Tan\u00e1cs megh\u00edvja \u00d6nt Dr. B\u00e1nyai Kriszti\u00e1n habilit\u00e1ci\u00f3s el\u0151ad\u00e1saira\u00a0 Az el\u0151ad\u00e1sokon a bizotts\u00e1gi tagokon k\u00edv\u00fcl az el\u0151ad\u00f3 szem\u00e9lyes r\u00e9szv\u00e9tele mellett a hallgat\u00f3s\u00e1g online k\u00f6vetheti az esem\u00e9nyt. &nbsp; Magyar nyelv\u0171 tantermi el\u0151ad\u00e1s: \u00c1llatorvosi virol\u00f3gia: Reoviridae I. Rotav\u00edrusok Id\u0151pontja:\u00a0\u00a0\u00a0 2021. november 02. 14:00 Helysz\u00edne:\u00a0\u00a0\u00a0 \u00c1llatorvostudom\u00e1nyi<\/p>\n","protected":false},"author":2518,"featured_media":0,"comment_status":"closed","ping_status":"closed","sticky":false,"template":"","format":"standard","meta":{"_acf_changed":false,"footnotes":""},"categories":[31,42],"tags":[],"class_list":["post-69196","post","type-post","status-publish","format-standard","hentry","category-esemenyek","category-kiemelt"],"acf":[],"_links":{"self":[{"href":"https:\/\/univet.hu\/hu\/wp-json\/wp\/v2\/posts\/69196","targetHints":{"allow":["GET"]}}],"collection":[{"href":"https:\/\/univet.hu\/hu\/wp-json\/wp\/v2\/posts"}],"about":[{"href":"https:\/\/univet.hu\/hu\/wp-json\/wp\/v2\/types\/post"}],"author":[{"embeddable":true,"href":"https:\/\/univet.hu\/hu\/wp-json\/wp\/v2\/users\/2518"}],"replies":[{"embeddable":true,"href":"https:\/\/univet.hu\/hu\/wp-json\/wp\/v2\/comments?post=69196"}],"version-history":[{"count":0,"href":"https:\/\/univet.hu\/hu\/wp-json\/wp\/v2\/posts\/69196\/revisions"}],"wp:attachment":[{"href":"https:\/\/univet.hu\/hu\/wp-json\/wp\/v2\/media?parent=69196"}],"wp:term":[{"taxonomy":"category","embeddable":true,"href":"https:\/\/univet.hu\/hu\/wp-json\/wp\/v2\/categories?post=69196"},{"taxonomy":"post_tag","embeddable":true,"href":"https:\/\/univet.hu\/hu\/wp-json\/wp\/v2\/tags?post=69196"}],"curies":[{"name":"wp","href":"https:\/\/api.w.org\/{rel}","templated":true}]}}