{"id":71974,"date":"2022-03-02T13:34:54","date_gmt":"2022-03-02T12:34:54","guid":{"rendered":"https:\/\/univet.hu\/?p=71974"},"modified":"2022-03-07T09:35:24","modified_gmt":"2022-03-07T08:35:24","slug":"a-nemzeti-ado-es-vamhivatal-az-allatvedelmi-kodex-150-alairo-szervezete","status":"publish","type":"post","link":"https:\/\/univet.hu\/hu\/2022\/03\/a-nemzeti-ado-es-vamhivatal-az-allatvedelmi-kodex-150-alairo-szervezete\/","title":{"rendered":"A Nemzeti Ad\u00f3- \u00e9s V\u00e1mhivatal az \u00c1llatv\u00e9delmi K\u00f3dex 150. al\u00e1\u00edr\u00f3 szervezete"},"content":{"rendered":"<p><strong>A 2021. okt\u00f3beri megalap\u00edt\u00e1sa \u00f3ta t\u00f6retlen \u00e9rdekl\u0151d\u00e9s \u00f6vezi az \u00c1llatorvostudom\u00e1nyi Egyetem \u00c1llatv\u00e9delmi K\u00f3dexet, azt az \u00f6nk\u00e9ntes \u00e1llatv\u00e9delmi etikai nyilatkozatot, amelynek al\u00e1\u00edr\u00f3i \u2013 lehet\u0151s\u00e9geikhez, tev\u00e9kenys\u00e9gi k\u00f6r\u00fckh\u00f6z k\u00e9pest \u2013 a jogszab\u00e1lyokban meghat\u00e1rozott minimumk\u00f6vetelm\u00e9nyekn\u00e9l t\u00f6bbet k\u00edv\u00e1nnak tenni a felel\u0151s \u00e1llattart\u00e1s \u00e9s az \u00e1llatv\u00e9delem \u00e9rdek\u00e9ben. A Nemzeti Ad\u00f3- \u00e9s V\u00e1mhivatal tev\u00e9kenys\u00e9ge t\u00f6bb ponton kapcsol\u00f3dik az \u00e1llatv\u00e9delemhez, a szervezet jelezte az \u00c1llatv\u00e9delmi K\u00f3dex al\u00e1\u00edr\u00f3inak \u00e1llatszeret\u0151, \u00e9rt\u00e9kelv\u0171 k\u00f6z\u00f6ss\u00e9g\u00e9hez val\u00f3 csatlakoz\u00e1si sz\u00e1nd\u00e9k\u00e1t. Az \u00c1llatv\u00e9delmi K\u00f3dexet az \u00c1llatorvostudom\u00e1nyi Egyetem r\u00e9sz\u00e9r\u0151l Prof. Dr. S\u00f3tonyi P\u00e9ter rektor, a Nemzeti Ad\u00f3- \u00e9s V\u00e1mhivatal r\u00e9sz\u00e9r\u0151l Bakai Krist\u00f3f P\u00e9ter p\u00e9nz\u00fcgy\u0151r dand\u00e1rt\u00e1bornok, v\u00e1mszakmai szakf\u0151igazgat\u00f3 l\u00e1tta el k\u00e9zjegy\u00e9vel az \u00c1llatorvostudom\u00e1nyi Egyetemen. <\/strong><\/p> <p>Az \u00fcnnep\u00e9lyes al\u00e1\u00edr\u00e1s alkalm\u00e1b\u00f3l S\u00f3tonyi P\u00e9ter hangs\u00falyozta: \u00faj \u00e9s \u00faj szervezetek t\u0171zik z\u00e1szlajukra az \u00e1llatok v\u00e9delm\u00e9t \u00e9s a felel\u0151s \u00e1llattart\u00e1st, \u00e9s v\u00e1llalj\u00e1k \u00f6nk\u00e9ntes alapon magukra k\u00f6telez\u0151nek az \u00c1llatorvostudom\u00e1nyi Egyetem \u00e1ltal tavaly l\u00e9trehozott \u00c1llatv\u00e9delmi K\u00f3dexben foglaltakat. Az Egyetem \u2013 mint a hazai \u00e1llatv\u00e9delmi kutat\u00e1sok \u00e9s szakemberk\u00e9pz\u00e9s legfontosabb helysz\u00edne \u2013 a k\u00fcl\u00f6nb\u00f6z\u0151 szakter\u00fcletek \u00e9s felel\u0151s int\u00e9zm\u00e9nyek \u00f6sszefog\u00e1s\u00e1ban, egy\u00fcttm\u0171k\u00f6d\u00e9s\u00e9ben l\u00e1tja az \u00e1llatv\u00e9delem re\u00e1lis, fenntarthat\u00f3 fejl\u0151d\u00e9s\u00e9nek lehet\u0151s\u00e9g\u00e9t. A <strong>Nemzeti Ad\u00f3-\u00e9s V\u00e1mhivatal a K\u00f3dex 150. csatlakoz\u00f3 szervezete<\/strong>, az al\u00e1\u00edr\u00f3k k\u00f6z\u00f6tt egyar\u00e1nt vannak \u00e1llami \u00e9s korm\u00e1nyzati szerepl\u0151k, hat\u00f3s\u00e1gok \u00e9s szakmai szervezetek, a tudom\u00e1ny, a civil \u00e1llatv\u00e9delem \u00e9s az \u00e1llatokkal foglalkoz\u00f3 szolg\u00e1ltat\u00f3 szektor k\u00e9pvisel\u0151i, zenekar, \u00f3voda, iskola, \u00f6nkorm\u00e1nyzat \u00e9s \u00fcgyv\u00e9di iroda is<strong>. <\/strong>A tekint\u00e9lyes, sokr\u00e9t\u0171 tev\u00e9kenys\u00e9get folytat\u00f3 NAV sokat tesz az \u00e1llatv\u00e9delem\u00e9rt, p\u00e9ld\u00e1ul amikor fell\u00e9p a nemzetk\u00f6zileg v\u00e9dett fajok egyedeinek csemp\u00e9sz\u00e9se vagy a szapor\u00edt\u00f3k, az illeg\u00e1lis \u00e1llatkereskedelem ellen, emellett az \u00e1llatv\u00e9delmi \u00fcgyekben kiszabott \u00e1llatv\u00e9delmi b\u00edrs\u00e1g behajt\u00e1sa is a hat\u00e1sk\u00f6r\u00e9be tartozik. A Hivatal p\u00f3tolhatatlan er\u0151fesz\u00edt\u00e9seket tesz mind az \u00e1llatfajok fennmarad\u00e1s\u00e1\u00e9rt, mind az egyes egyedek j\u00f3ll\u00e9t\u00e9\u00e9rt. A rektor hozz\u00e1tette:<strong> a NAV hozz\u00e1adott \u00e9rt\u00e9ke, 18\u00a0000 munkat\u00e1rsa, sokoldal\u00fa tev\u00e9kenys\u00e9gi k\u00f6re, tekint\u00e9lye igen komoly er\u0151forr\u00e1sa az \u00e1llatv\u00e9delemnek.<\/strong><\/p> <figure id=\"attachment_71976\" aria-describedby=\"caption-attachment-71976\" style=\"width: 640px\" class=\"wp-caption aligncenter\"><a href=\"https:\/\/univet.hu\/hu\/2022\/03\/02\/a-nemzeti-ado-es-vamhivatal-az-allatvedelmi-kodex-150-alairo-szervezete\/bakaikristofpeter_sotonyipeter_alairas_20220302\/\" rel=\"attachment wp-att-71976\"><img loading=\"lazy\" decoding=\"async\" class=\"wp-image-71976 size-large\" src=\"https:\/\/univet.hu\/wp-content\/uploads\/2022\/03\/BakaiKristofPeter_SotonyiPeter_alairas_20220302-960x630.jpg\" alt=\"\" width=\"640\" height=\"420\" srcset=\"https:\/\/univet.hu\/wp-content\/uploads\/2022\/03\/BakaiKristofPeter_SotonyiPeter_alairas_20220302-960x630.jpg 960w, https:\/\/univet.hu\/wp-content\/uploads\/2022\/03\/BakaiKristofPeter_SotonyiPeter_alairas_20220302-320x210.jpg 320w, https:\/\/univet.hu\/wp-content\/uploads\/2022\/03\/BakaiKristofPeter_SotonyiPeter_alairas_20220302-768x504.jpg 768w, https:\/\/univet.hu\/wp-content\/uploads\/2022\/03\/BakaiKristofPeter_SotonyiPeter_alairas_20220302.jpg 1200w\" sizes=\"auto, (max-width: 640px) 100vw, 640px\" \/><\/a><figcaption id=\"caption-attachment-71976\" class=\"wp-caption-text\">Fot\u00f3: Vinnay P\u00e9ter<\/figcaption><\/figure> <p><strong>Bakai Krist\u00f3f P\u00e9ter p\u00e9nz\u00fcgy\u0151r dand\u00e1rt\u00e1bornok, v\u00e1mszakmai szakf\u0151igazgat\u00f3<\/strong> besz\u00e9d\u00e9ben hangs\u00falyozta, hogy a tavaly megtartott \u00e1llatv\u00e9delmi konzult\u00e1ci\u00f3ban t\u00f6bb mint 262 ezren fogalmazt\u00e1k meg azt a t\u00e1rsadalmi elv\u00e1r\u00e1st, hogy az \u00e1llatv\u00e9delemmel foglalkoz\u00f3 \u00e1llami, szakmai \u00e9s civil szervezetek k\u00f6z\u00f6sen l\u00e9pjenek fel az \u00e1llatok j\u00f3ll\u00e9t\u00e9\u00e9rt, hiszen az \u00e1llatv\u00e9delem k\u00f6z\u00f6s \u00fcgy.<\/p> <p>Rendk\u00edv\u00fcl nagy b\u00fcszkes\u00e9ggel t\u00f6lt el, hogy most, a K\u00f3dex \u00fcnnep\u00e9lyes al\u00e1\u00edr\u00e1s\u00e1val a Nemzeti Ad\u00f3- \u00e9s V\u00e1mhivatal is a csatlakoz\u00f3 szervezetek k\u00f6z\u00f6tt k\u00e9pviseltetheti mag\u00e1t, mivel ahhoz, hogy a k\u00f3dexben le\u00edrtak teljes eg\u00e9sz\u00e9ben teljes\u00fcljenek, marad\u00e9ktalan \u00f6sszefog\u00e1sra van sz\u00fcks\u00e9g.<\/p> <p>Feladatunk mind az uni\u00f3n k\u00edv\u00fclr\u0151l \u00e9rkez\u0151, mind az uni\u00f3n bel\u00fcli kereskedelmi forgalom ellen\u0151rz\u00e9se, \u00edgy biztos vagyok abban, hogy al\u00e1\u00edr\u00f3k\u00e9nt a NAV hat\u00e9kony t\u00e1mogat\u00f3ja lesz a K\u00f3dexben foglaltaknak, elj\u00e1r\u00e1sai sor\u00e1n mindig szorosan szem el\u0151tt tartva minden, az \u00e1llatok v\u00e9delm\u00e9t, az \u00e1llatok j\u00f3l\u00e9t\u00e9t szolg\u00e1l\u00f3 int\u00e9zked\u00e9st.<\/p> <p>2021. \u00e9vben a jogszab\u00e1lyoknak megfelel\u0151 elj\u00e1r\u00e1s keret\u00e9ben k\u00f6zel 200 elj\u00e1r\u00e1s sor\u00e1n k\u00f6zrem\u0171k\u00f6dt\u00fcnk v\u00e9dett fajok k\u00fclkereskedelmi forgalm\u00e1ban. Ezen t\u00fal az elm\u00falt \u00e9vben 26 esetben t\u00e1rtunk fel a B\u00fcntet\u0151 t\u00f6rv\u00e9nyk\u00f6nyv szerinti term\u00e9szetk\u00e1ros\u00edt\u00e1s b\u0171ncselekm\u00e9nynek min\u0151s\u00fcl\u0151 esetet. A p\u00e9nz\u00fcgy\u0151r\u00f6k k\u00f6z\u00fati \u00e9s l\u00e9gi hat\u00e1r\u00e1tkel\u0151helyen foglaltak le v\u00e9dett, \u00e9l\u0151 \u00e1llatot: 4063 kecsker\u00e1kot, 93 foltos szalamandr\u00e1t, 27 ag\u00e1m\u00e1t, 4 tengelicet, egy g\u00f6r\u00f6g tekn\u0151st \u00e9s 2 m\u00f3r tekn\u0151st. J\u00e1r\u0151reink az elm\u00falt \u00e9vben sz\u00e1mos alkalommal is, de legut\u00f3bb id\u00e9n febru\u00e1rban Fej\u00e9r \u00e9s Kom\u00e1rom-Esztergom megy\u00e9kben \u00f6sszesen h\u00faszn\u00e1l is t\u00f6bb k\u00fcl\u00f6nf\u00e9le fajt\u00e1j\u00fa kutyak\u00f6ly\u00f6k ment\u00e9s\u00e9ben vettek r\u00e9szt.<\/p> <p>Elj\u00e1r\u00e1saiban mindig szem el\u0151tt tart minden, az \u00e1llatok v\u00e9delm\u00e9t, az \u00e1llatok j\u00f3l\u00e9t\u00e9t szolg\u00e1l\u00f3 int\u00e9zked\u00e9st, \u00e9s a K\u00f3dex al\u00e1\u00edr\u00e1s\u00e1val is t\u00e1mogatni k\u00edv\u00e1nja ezeket a c\u00e9lokat\u201d \u2013 \u00f6sszegezte Bakai Krist\u00f3f P\u00e9ter.<\/p> <figure id=\"attachment_71975\" aria-describedby=\"caption-attachment-71975\" style=\"width: 640px\" class=\"wp-caption aligncenter\"><a href=\"https:\/\/univet.hu\/hu\/2022\/03\/02\/a-nemzeti-ado-es-vamhivatal-az-allatvedelmi-kodex-150-alairo-szervezete\/bakaikristofpeter_sotonyipeter_kezfogas_20220302_2\/\" rel=\"attachment wp-att-71975\"><img loading=\"lazy\" decoding=\"async\" class=\"wp-image-71975 size-large\" src=\"https:\/\/univet.hu\/wp-content\/uploads\/2022\/03\/BakaiKristofPeter_SotonyiPeter_kezfogas_20220302_2-960x661.jpg\" alt=\"\" width=\"640\" height=\"441\" srcset=\"https:\/\/univet.hu\/wp-content\/uploads\/2022\/03\/BakaiKristofPeter_SotonyiPeter_kezfogas_20220302_2-960x661.jpg 960w, https:\/\/univet.hu\/wp-content\/uploads\/2022\/03\/BakaiKristofPeter_SotonyiPeter_kezfogas_20220302_2-320x220.jpg 320w, https:\/\/univet.hu\/wp-content\/uploads\/2022\/03\/BakaiKristofPeter_SotonyiPeter_kezfogas_20220302_2-768x529.jpg 768w, https:\/\/univet.hu\/wp-content\/uploads\/2022\/03\/BakaiKristofPeter_SotonyiPeter_kezfogas_20220302_2.jpg 1200w\" sizes=\"auto, (max-width: 640px) 100vw, 640px\" \/><\/a><figcaption id=\"caption-attachment-71975\" class=\"wp-caption-text\">Fot\u00f3: Vinnay P\u00e9ter<\/figcaption><\/figure> <p><strong>A K\u00f3dex k\u00f6z\u00f6ss\u00e9g\u00e9hez csatlakozhat minden \u00e1llatokkal foglalkoz\u00f3, illetve \u00e1llatokr\u00f3l kommunik\u00e1l\u00f3 magyarorsz\u00e1gi szervezet, amely mag\u00e1\u00e9nak \u00e9rzi \u00e9s elfogadja a K\u00f3dexben foglaltakat.<\/strong> A csatlakoz\u00f3 szervezetek neve megtal\u00e1lhat\u00f3 a K\u00f3dex hivatalos honlapj\u00e1n, a K\u00f3dex log\u00f3j\u00e1t a tagok felhaszn\u00e1lhatj\u00e1k fel\u00fcleteiken. A dokumentum sz\u00f6veg\u00e9t elolvasni \u00e9s csatlakozni a k\u00f6vetkez\u0151 linken lehet: <a href=\"https:\/\/univet.hu\/hu\/egyetem\/szervezeti-egysegek\/allatvedelmi-jogi-elemzo-es-modszertani-kozpont\/allatvedelmi-kodex\/\">https:\/\/univet.hu\/hu\/egyetem\/szervezeti-egysegek\/allatvedelmi-jogi-elemzo-es-modszertani-kozpont\/allatvedelmi-kodex\/<\/a><\/p> <p>&nbsp;<\/p> <p><strong><em>Tov\u00e1bbi inform\u00e1ci\u00f3k:<\/em><\/strong><\/p> <p>\u00c1llatorvostudom\u00e1nyi Egyetem \u00c1llatv\u00e9delmi K\u00f6zpont<\/p> <p>E-mail: <a class=\"decrypt\" rel=\"bmmbuwfefmnjlp{qpouAvojwfu\/iv\" href=\"javascript:void(0);\">[Kattintson az emailc\u00edmhez]<\/a><\/p> <p>Internet: <a href=\"https:\/\/univet.hu\/hu\/egyetem\/szervezeti-egysegek\/allatvedelmi-jogi-elemzo-es-modszertani-kozpont\/\">https:\/\/univet.hu\/hu\/egyetem\/szervezeti-egysegek\/allatvedelmi-jogi-elemzo-es-modszertani-kozpont\/<\/a><\/p> <p>Facebook: <a href=\"https:\/\/www.facebook.com\/AllatvedelmiKozpont\/\">https:\/\/www.facebook.com\/AllatvedelmiKozpont\/<\/a><\/p>","protected":false},"excerpt":{"rendered":"<p>A Nemzeti Ad\u00f3- \u00e9s V\u00e1mhivatal tev\u00e9kenys\u00e9ge t\u00f6bb ponton kapcsol\u00f3dik az \u00e1llatv\u00e9delemhez, a szervezet jelezte az \u00c1llatv\u00e9delmi K\u00f3dex al\u00e1\u00edr\u00f3inak \u00e1llatszeret\u0151, \u00e9rt\u00e9kelv\u0171 k\u00f6z\u00f6ss\u00e9g\u00e9hez val\u00f3 csatlakoz\u00e1si sz\u00e1nd\u00e9k\u00e1t. <\/p>\n","protected":false},"author":2518,"featured_media":0,"comment_status":"closed","ping_status":"closed","sticky":false,"template":"","format":"standard","meta":{"_acf_changed":false,"footnotes":""},"categories":[4,42],"tags":[],"class_list":["post-71974","post","type-post","status-publish","format-standard","hentry","category-hirek","category-kiemelt"],"acf":[],"_links":{"self":[{"href":"https:\/\/univet.hu\/hu\/wp-json\/wp\/v2\/posts\/71974","targetHints":{"allow":["GET"]}}],"collection":[{"href":"https:\/\/univet.hu\/hu\/wp-json\/wp\/v2\/posts"}],"about":[{"href":"https:\/\/univet.hu\/hu\/wp-json\/wp\/v2\/types\/post"}],"author":[{"embeddable":true,"href":"https:\/\/univet.hu\/hu\/wp-json\/wp\/v2\/users\/2518"}],"replies":[{"embeddable":true,"href":"https:\/\/univet.hu\/hu\/wp-json\/wp\/v2\/comments?post=71974"}],"version-history":[{"count":0,"href":"https:\/\/univet.hu\/hu\/wp-json\/wp\/v2\/posts\/71974\/revisions"}],"wp:attachment":[{"href":"https:\/\/univet.hu\/hu\/wp-json\/wp\/v2\/media?parent=71974"}],"wp:term":[{"taxonomy":"category","embeddable":true,"href":"https:\/\/univet.hu\/hu\/wp-json\/wp\/v2\/categories?post=71974"},{"taxonomy":"post_tag","embeddable":true,"href":"https:\/\/univet.hu\/hu\/wp-json\/wp\/v2\/tags?post=71974"}],"curies":[{"name":"wp","href":"https:\/\/api.w.org\/{rel}","templated":true}]}}