{"id":76952,"date":"2022-07-18T09:26:33","date_gmt":"2022-07-18T07:26:33","guid":{"rendered":"https:\/\/univet.hu\/?p=76952"},"modified":"2022-07-18T09:27:45","modified_gmt":"2022-07-18T07:27:45","slug":"beszelgetes-dr-bodo-gabor-egyetemi-tanarral-ha-nem-felunk-a-lotol-vigyaz-rank","status":"publish","type":"post","link":"https:\/\/univet.hu\/hu\/2022\/07\/beszelgetes-dr-bodo-gabor-egyetemi-tanarral-ha-nem-felunk-a-lotol-vigyaz-rank\/","title":{"rendered":"Besz\u00e9lget\u00e9s Dr. Bod\u00f3 G\u00e1bor egyetemi tan\u00e1rral: \u201eHa nem f\u00e9l\u00fcnk a l\u00f3t\u00f3l, vigy\u00e1z r\u00e1nk\u201d"},"content":{"rendered":"<p><strong>Amikor Dr. Bod\u00f3 G\u00e1bor professzor m\u00e9g az \u00c1llatorvostudom\u00e1nyi Egyetem padjait koptatta, az Istv\u00e1n utcai kampuszhoz vezet\u0151 utc\u00e1k k\u00f6vezete pat\u00e1k csattog\u00e1s\u00e1t\u00f3l volt hangos, hiszen Erzs\u00e9betv\u00e1ros sz\u00edv\u00e9ben m\u0171k\u00f6d\u00f6tt a Nagy\u00e1llatklinika. \u00c1m a Hortob\u00e1gy is jelen volt ott, Csatl\u00f3s, a h\u00edres magyar sz\u00fcrkemarha bika alakj\u00e1ban, akinek a szobr\u00e1t besz\u00e9lget\u0151t\u00e1rsunk \u00e9desapja, Dr. Bod\u00f3 Imre professzor javaslat\u00e1ra \u00e1ll\u00edtott\u00e1k fel a bej\u00e1rat k\u00f6zel\u00e9ben. A L\u00f3gy\u00f3gy\u00e1szati Tansz\u00e9k \u00e9s Klinika vezet\u0151je azok sor\u00e1ba tartozik, akiket csal\u00e1di gy\u00f6kerek is k\u00f6tnek az Alma Materhez. T\u00f6rt\u00e9nete mag\u00e1val ragad\u00f3, teljes\u00edtm\u00e9nye \u2013 amit kiv\u00e1l\u00f3 koll\u00e9g\u00e1kkal \u00e9rt \u00e9s \u00e9r el \u2013 leny\u0171g\u00f6z\u0151. <\/strong><\/p> <p><strong><em>\u2013 Professzor \u00dar, hogy foglaln\u00e1 \u00f6ssze \u00e9lete els\u0151 h\u00fasz \u00e9v\u00e9t?<\/em><\/strong><\/p> <p>\u2013 Ezen id\u0151szak \u00e9lethelyzetei \u2013 s ezzel persze nem \u00e1llok egyed\u00fcl \u2013 az \u00e9n sorsomat is meghat\u00e1rozt\u00e1k! Az els\u0151 \u00f6t \u00e9v a Hortob\u00e1gyon telt. Az \u00e1llatok mindennapjaink r\u00e9szesei voltak, \u00e9desap\u00e1m f\u0151\u00e1llatteny\u00e9szt\u0151k\u00e9nt dolgozott ott. A lovak a ker\u00edt\u00e9s\u00fcnk sz\u00e9l\u00e9n legeltek. \u00cdgy esett meg, hogy amikor k\u00e9t\u00e9vesen \u00fatra keltem, belehuppantam egy \u00e1rokba, amit \u00e9pp akkor \u00e1stak a munk\u00e1sok az ist\u00e1ll\u00f3 \u00e9s a h\u00e1zunk k\u00f6z\u00f6tt. Kitettek a t\u00fals\u00f3 oldalon, \u00e9n tov\u00e1bb mentem, majd hosszas keresg\u00e9l\u00e9s ut\u00e1n a lovak k\u00f6z\u00f6tt tal\u00e1lt meg a csal\u00e1dom. Ha nem f\u00e9l\u00fcnk a l\u00f3t\u00f3l, vigy\u00e1z r\u00e1nk, m\u00e1szk\u00e1lhatunk a hasa alatt ide-oda. Mivel heten voltunk testv\u00e9rek, sz\u00fcleink tov\u00e1bbtanul\u00e1sunk \u00e9rdek\u00e9ben az 1970-es \u00e9vekben a Budapestre k\u00f6lt\u00f6z\u00e9s\u00fcnkr\u0151l d\u00f6nt\u00f6ttek. A M\u00e1t\u00e1n t\u00f6lt\u00f6tt \u00e9vek mindannyiunk sz\u00e1m\u00e1ra egy nagyon sz\u00e9p eml\u00e9kk\u00e9nt maradnak meg \u00f6r\u00f6kre. Gimn\u00e1ziumi \u00e9veim meghat\u00e1roz\u00f3 r\u00e9sze volt, hogy Dallos Gyula tan\u00edtv\u00e1nyak\u00e9nt sok siker r\u00e9szese lehettem d\u00edjlovask\u00e9nt, junior v\u00e1logatottk\u00e9nt, de ugrat\u00e1sban is orsz\u00e1gos szinten.<\/p> <p><strong><em><a href=\"https:\/\/univet.hu\/hu\/2022\/07\/18\/beszelgetes-dr-bodo-gabor-egyetemi-tanarral-ha-nem-felunk-a-lotol-vigyaz-rank\/img_3901\/\" rel=\"attachment wp-att-76953\"><img loading=\"lazy\" decoding=\"async\" class=\"aligncenter size-large wp-image-76953\" src=\"https:\/\/univet.hu\/wp-content\/uploads\/2022\/07\/IMG_3901-960x640.jpg\" alt=\"\" width=\"640\" height=\"427\" srcset=\"https:\/\/univet.hu\/wp-content\/uploads\/2022\/07\/IMG_3901-960x640.jpg 960w, https:\/\/univet.hu\/wp-content\/uploads\/2022\/07\/IMG_3901-320x213.jpg 320w, https:\/\/univet.hu\/wp-content\/uploads\/2022\/07\/IMG_3901-768x512.jpg 768w, https:\/\/univet.hu\/wp-content\/uploads\/2022\/07\/IMG_3901.jpg 1600w\" sizes=\"auto, (max-width: 640px) 100vw, 640px\" \/><\/a><\/em><\/strong><\/p> <p><strong><em>\u2013 \u00c9desapja a f\u0151v\u00e1rosban is sz\u00fcletett, majd a piarist\u00e1kn\u00e1l tanult. <\/em><\/strong><\/p> <p>\u2013 Ott is v\u00e9gzett, de el\u0151bb K\u0151szegen tanult a katonaiskol\u00e1ban, ahonnan 13 \u00e9vesen hadifogolyk\u00e9nt hurcolt\u00e1k el. Garmis-Partenkirchenb\u0151l ker\u00fclt vissza\u2026 K\u00e9t fi\u00fatestv\u00e9remmel egy\u00fctt \u00e9n is a piarist\u00e1kn\u00e1l \u00e9retts\u00e9giztem. De m\u00e1r kor\u00e1bban meg\u00e9rett bennem a d\u00f6nt\u00e9s, hogy mivel szeretn\u00e9k foglalkozni. D\u00edjlovas \u00e9veim kezdet\u00e9n 15 \u00e9ves lehettem, amikor Gangesz lovam, egy gidr\u00e1n m\u00e9n, les\u00e1ntult. Az akkori kezdetleges lehet\u0151s\u00e9gekkel szembeni kamaszos kritika fogalmazta meg bennem, hogy a gy\u00f3gy\u00edt\u00e1st \u00e9n m\u00e1sk\u00e9pp szeretn\u00e9m csin\u00e1lni. Ekkor d\u00f6nt\u00f6ttem el, hogy l\u00f3seb\u00e9sz leszek.<\/p> <p><strong><em>\u2013 Hogy \u00e9rezte mag\u00e1t egyetemi hallgat\u00f3k\u00e9nt? <\/em><\/strong><\/p> <p>\u2013 Felemel\u0151 dolog volt ezen a m\u00e1r akkor is magas preszt\u00edzs\u0171 egyetemen tanulni. Sok pozit\u00edv \u00e9s negat\u00edv \u00e9lm\u00e9ny \u00e9gett bel\u00e9nk \u00f6r\u00f6kre ezekkel az \u00e9vekkel kapcsolatban. Ahogy j\u00f6ttek a klinikai t\u00e1rgyak, \u00fagy v\u00e1lt egyre \u00e9rdekesebb\u00e9, amit tanultunk. K\u00fclf\u00f6ldre azonban neh\u00e9z volt eljutnunk.<\/p> <p><strong><em>\u2013 \u00d6nnek siker\u00fclt! <\/em><\/strong><\/p> <p>\u2013 Ezt \u00e9desap\u00e1mnak k\u00f6sz\u00f6nhetem, aki felk\u00e9r\u0151 levelet \u00edrt vagy h\u00fasz helyre, mert azt vallotta, hogy hi\u00e1ba megy nekem j\u00f3l a n\u00e9met nyelv, mese nincs, angolul is meg kell tanulnom! \u0150 francia, angol, n\u00e9met, olasz \u00e9s latin nyelven is besz\u00e9l. Dr. Michael Osborne, egy \u00edrorsz\u00e1gi m\u00e9nes vezet\u0151je volt az els\u0151, aki azt v\u00e1laszolta neki, hogy nyugodtan k\u00fcldjed ki a fiadat! Egy \u00e9vig a yearlingek betan\u00edt\u00e1s\u00e1val \u00e9s belovagl\u00e1s\u00e1val foglalkoztam, emellett ellet\u0151-\u00fcgyeleteket v\u00e1llaltam a \u201efoaling unit\u201d-ban. Az egy\u00e9ves 500 kil\u00f3s m\u00e9ncsik\u00f3kkal kellett foglalkoznom. R\u00e1juk \u00fcltettek fel a magam 72 kil\u00f3j\u00e1val, nem kimondottan zsok\u00e9 s\u00falyommal. A m\u00e9nes tulajdonosa egy Egyes\u00fclt Arab Emir\u00e1tusokban \u00e9l\u0151 sejk volt. Ezt az \u00e9vemet tov\u00e1bbi hat esztend\u0151 k\u00f6vette k\u00fclf\u00f6ld\u00f6n, de csak \u00cdrorsz\u00e1gban nem \u00e9reztem honv\u00e1gyat. Sokf\u00e9le n\u00e9p fiaival, l\u00e1nyaival dolgoztam, de az \u00e9n tapasztalatom szerint az \u00edr mentalit\u00e1s \u00e1llt legk\u00f6zelebb a magyarhoz.<\/p> <p><strong><em>\u2013 Sv\u00e1jcba m\u00e1r az \u00e1llatorvos-doktori diplom\u00e1val a zseb\u00e9ben \u00e9rkezett. <\/em><\/strong><\/p> <p>\u2013 El\u0151sz\u00f6r immunol\u00f3giai kutat\u00e1si t\u00e9m\u00e1n dolgoztam egy elnyert egy \u00e9ves \u00f6szt\u00f6nd\u00edj kapcs\u00e1n a Berni Egyetemen Dr. Laz\u00e1ry S\u00e1ndor genetika professzor vezet\u00e9s\u00e9vel. Az MHC-2 strukt\u00far\u00e1k \u00e9s az immunv\u00e1lasz kapcsolat\u00e1t kutattuk csik\u00f3kon. Hazat\u00e9rve, 1992-ben Dr. T\u00f3th J\u00f3zsef professzor csapat\u00e1hoz csatlakoztam a Seb\u00e9szeti Tansz\u00e9khez. \u00c9vente 6-800 l\u00f3beteget gy\u00f3gy\u00edtottunk, m\u00edg az \u00fcgyeletben a kis\u00e1llatok seb\u00e9szeti ell\u00e1t\u00e1sa is a feladatunk volt. \u0150 1997-t\u0151l N\u00e9metorsz\u00e1gban v\u00e1llalt munk\u00e1t, mi itthon igyekezt\u00fcnk tov\u00e1bbfejl\u0151dni.<\/p> <p><strong><em>\u2013 J\u00f3l gondolom, hogy az \u00e1llatorvosok leg\u00e9rt\u00e9kesebb p\u00e1ciensei a lovak?<\/em><\/strong><\/p> <p>\u2013 Igen. Az anat\u00f3miai tanulm\u00e1nyok is a lovakkal kezd\u0151dnek. Az elm\u00falt \u00e9vtizedekben fel\u00e9rt\u00e9kel\u0151d\u00f6tt a t\u00e1rs\u00e1llatok gy\u00f3gy\u00e1szata, de az alap\u00e1llat mindig a l\u00f3 marad. \u00c9s t\u00e9ny, hogy ez a legdr\u00e1g\u00e1bb \u00e1llatok egyike, a f\u00e9l milli\u00f3 forintt\u00f3l a t\u00f6bb sz\u00e1zmilli\u00f3 doll\u00e1ron \u00e1t a csillagos \u00e9gig.<\/p> <p><strong><em>\u2013 Ilyen esetben megremeg a szike a seb\u00e9sz kez\u00e9ben?<\/em><\/strong><\/p> <p>\u2013 Mi azzal a tudattal \u00e1llunk a m\u0171t\u00e9thez, hogy ha egy l\u00f3 menthetetlen, az \u00e9rt\u00e9ke r\u00f6gt\u00f6n m\u00ednusz sz\u00e1zezer forintra billen. A mi felel\u0151ss\u00e9g\u00fcnk abban \u00e1ll, hogy a szakma szab\u00e1lyai szerint mindent korrekt\u00fcl tegy\u00fcnk meg a gy\u00f3gyul\u00e1s\u00e9rt. Ez\u00e9rt pr\u00f3b\u00e1ltunk kapcsol\u00f3dni az eur\u00f3pai l\u00f3gy\u00f3gy\u00e1sz koll\u00e9giumokhoz, mert \u00fagy gondoltuk, nem \u201el\u00f3ghatunk a leveg\u0151ben\u201d, valahova tartozni kell Eur\u00f3p\u00e1ban.<\/p> <p>Ebben volt nagyon nagy seg\u00edts\u00e9g\u00fcnkre J\u00f6rg Auer professzor, aki Texasb\u00f3l visszat\u00e9rve, 1990-ben megalap\u00edtotta az Eur\u00f3pai Seb\u00e9szi Koll\u00e9giumot (ECVS-t). Ez a koll\u00e9gium azon kevesek k\u00f6z\u00e9 tartozik, ahol az alap\u00edt\u00f3 tagoknak is le kellett tenni\u00fck a vizsg\u00e1t ahhoz, hogy a seb\u00e9szi koll\u00e9gium diplom\u00e1saiv\u00e1 v\u00e1lhassanak. 2005-ben e koll\u00e9gium alternat\u00edv rezidens\u00e9v\u00e9 fogadtak. 2005-2009-ig Auer professzor nyolc alkalommal, 24 m\u0171t\u00e9ti napon vett akt\u00edvan r\u00e9szt 10-10 \u00f3r\u00e1ban 108 l\u00f3 m\u0171t\u00e9tj\u00e9n\u00e9l az \u00fcll\u0151i klinik\u00e1n. Ezzel nagy lend\u00fcletet adott szakmai fejl\u0151d\u00e9s\u00fcnknek. Ezen fel\u00fcl tov\u00e1bbi 4 alkalommal v\u00e9gzett bemutat\u00f3 m\u0171t\u00e9teket bonyolult ortop\u00e9diai esetekben. A rezidens\u00e9g v\u00e9gezt\u00e9vel a m\u00e1sodik \u00e9vben ism\u00e9t nekirugaszkodva siker\u00fclt letennem ezt az embert pr\u00f3b\u00e1l\u00f3 h\u00e1romnapos vizsg\u00e1t az ECVS k\u00f6zpontj\u00e1ban. V\u00e9gs\u0151kig kimer\u00edt\u0151 volt ez a megm\u00e9rettet\u00e9s, nagyon prec\u00edz v\u00e1laszokat kellett adni elm\u00e9letben \u00e9s gyakorlatban is. Magyarorsz\u00e1gon ketten vagyunk, akik ezt a vizsg\u00e1t letett\u00fck. Kis\u00e1llat-seb\u00e9szetb\u0151l Dr. N\u00e9meth Tibor professzor, klinikai rektorhelyettes, l\u00f3seb\u00e9szetb\u0151l pedig \u00e9n. 2009-2013-ig megh\u00edv\u00e1st kaptam a Berni Egyetem \u00c1llatorvosi Kar\u00e1ra a l\u00f3seb\u00e9szeti r\u00e9szleg vezet\u00e9s\u00e9re, ahol nagyon j\u00f3 k\u00f6r\u00fclm\u00e9nyek k\u00f6z\u00f6tt ugyanazt a munk\u00e1t v\u00e9geztem 4 \u00e9ven \u00e1t, mint itthon: m\u0171t\u00f6ttem, oktattam, kutattam, valamint l\u00f3seb\u00e9sz rezidensek supervisorak\u00e9nt dolgoztam. Ezt k\u00f6vet\u0151en az Alma Mater h\u00edv\u00e1s\u00e1ra hazaj\u00f6ttem.<\/p> <p>Egyetem\u00fcnk vezet\u00e9s\u00e9nek t\u00e1mogat\u00e1s\u00e1val 2021-ben elind\u00edthattuk K\u00f6z\u00e9p-Kelet-Eur\u00f3pa els\u0151 l\u00f3seb\u00e9sz rezidensi k\u00e9pz\u00e9s\u00e9t. Lengyelorsz\u00e1gt\u00f3l G\u00f6r\u00f6gorsz\u00e1gig nincs ilyen oktat\u00e1s ebben a k\u00f6z\u00e9p-kelet-eur\u00f3pai r\u00e9gi\u00f3ban.<\/p> <p><strong><em>\u2013 Vajon mennyit haladt el\u0151re a s\u00e1ntas\u00e1g gy\u00f3gy\u00edt\u00e1s\u00e1ban a vil\u00e1g? <\/em><\/strong><\/p> <p>\u2013 Amikor Gangesz les\u00e1ntult, Magyarorsz\u00e1gon m\u00e9g r\u00f6ntgenfelszerel\u00e9s sem igen volt, az \u00e1llatorvosok ink\u00e1bb a meg\u00e9rz\u00e9seikre hagyatkoztak. Egy agyagpakol\u00e1s friss r\u00e1ndul\u00e1sra, h\u0171t\u0151 funkci\u00f3j\u00e1n\u00e1l fogva adott esetben nem lehet rossz, de pontos diagn\u00f3zis hi\u00e1ny\u00e1ban ez persze el\u00e9gg\u00e9 s\u00f6t\u00e9tben tapogat\u00f3z\u00e1s volt.<\/p> <p>Az elm\u00falt 5 \u00e9vben \u00e9vr\u0151l \u00e9vre 15-20 sz\u00e1zal\u00e9kkal emelkedett a klinika betegl\u00e9tsz\u00e1ma, ami els\u0151sorban az egyre magasabb sz\u00ednvonal\u00fa szakmai ell\u00e1t\u00e1snak \u00e9s kiszolg\u00e1l\u00e1snak, m\u00e1sr\u00e9szt viszont a megel\u0151z\u0151 \u00e9v komoly beruh\u00e1z\u00e1sainak volt k\u00f6sz\u00f6nhet\u0151. A 2020-ban beszerzett CT \u00e9s MRI berendez\u00e9seink \u00e1ll\u00f3 helyzetben k\u00e9pesek vizsg\u00e1lni a v\u00e9gtagokat a l\u00e1bt\u0151ig illetve cs\u00e1nkig. M\u00e1r az els\u0151 \u00e9vben 140 \u00e1ll\u00f3 helyzet\u0171 CT vizsg\u00e1latot \u00e9s 120 \u00e1ll\u00f3 MRI vizsg\u00e1latot v\u00e9gezt\u00fcnk a klinik\u00e1n. Mindez nem siker\u00fclhetett volna, ha nem tudjuk hazah\u00edvni kiemelked\u0151 tud\u00e1s\u00fa koll\u00e9gan\u0151nket, Dr. Nagy Annam\u00e1ria egyetemi docenst Angli\u00e1b\u00f3l. \u0150 kiz\u00e1r\u00f3lag ortop\u00e9d beteg lovak vizsg\u00e1lat\u00e1val \u00e9s az ezt seg\u00edt\u0151 k\u00e9palkot\u00f3 elj\u00e1r\u00e1sokkal foglalkozik. Az MRI t\u00f6bbek k\u00f6z\u00f6tt ma m\u00e1r lehet\u0151s\u00e9get biztos\u00edt sz\u00e1munkra a pat\u00e1n bel\u00fcl tal\u00e1lhat\u00f3 l\u00e9tfontoss\u00e1g\u00fa anat\u00f3miai k\u00e9pletek s\u00e9r\u00fcl\u00e9seinek meg\u00e1llap\u00edt\u00e1s\u00e1ra is, p\u00e9ld\u00e1ul a m\u00e9ly ujjhajl\u00edt\u00f3 \u00edn kis szakasz\u00e1ban tal\u00e1lhat\u00f3 s\u00e9r\u00fcl\u00e9sek eset\u00e9n.<\/p> <p><strong><em>\u2013 A legkorszer\u0171bb eszk\u00f6z\u00f6ket nyilv\u00e1n oda viszik, ahol a legjobb szakemberek dolgoznak.<\/em><\/strong><\/p> <p>\u2013 C\u00e9lul t\u0171zt\u00fck ki \u00e9s szerintem j\u00f3 \u00faton j\u00e1runk annak el\u00e9r\u00e9se \u00e9rdek\u00e9ben, hogy K\u00f6z\u00e9p-Kelet-Eur\u00f3pa vezet\u0151 l\u00f3gy\u00f3gy\u00e1szati centrum\u00e1v\u00e1 v\u00e1ljunk. Egyre t\u00f6bb lovat hoznak hozz\u00e1nk a k\u00f6rnyez\u0151 orsz\u00e1gokb\u00f3l, \u00edgy Szlov\u00e1ki\u00e1b\u00f3l, Rom\u00e1ni\u00e1b\u00f3l, Szlov\u00e9ni\u00e1b\u00f3l, Szerbi\u00e1b\u00f3l, de Ausztri\u00e1b\u00f3l is.<\/p> <p><strong><em>\u2013 Vajon mi lesz a k\u00f6vetkez\u0151 \u201enagy dob\u00e1sa\u201d a klinik\u00e1nak?<\/em><\/strong><\/p> <p>\u2013 Homog\u00e9n talaj\u00fa szabadt\u00e9ri \u00e9s fedeles lovasp\u00e1ly\u00e1t szeretn\u00e9nk kialak\u00edtani, hogy t\u00e9len-ny\u00e1ron tudjuk vizsg\u00e1lni a s\u00e1nta lovakat, nyereg alatt is. A klinika tesztlovasai \u00e9rz\u00e9stelen\u00edt\u00e9sek el\u0151tt \u00e9s ut\u00e1n is nyereg alatt el\u0151lovagolva seg\u00edtik a diagnosztikai munk\u00e1t, ami n\u00e9lk\u00fcl\u00f6zhetetlen a nem egy\u00e9rtelm\u0171 s\u00e1ntas\u00e1gok kivizsg\u00e1l\u00e1sa sor\u00e1n. Sokszor egy l\u00f3 csak feszesebb\u00e9 v\u00e1lik, vagy visszatart az ugr\u00e1s el\u0151tt. Ki kell der\u00edteni, hogy ezeknek a jelens\u00e9geknek f\u00e1jdalom \u00e1ll-e a h\u00e1tt\u00e9rben. \u00c1llatorvosi szempontb\u00f3l ezek a legizgalmasabb s\u00e1ntas\u00e1gok. Rem\u00e9lem, ny\u00edlik lehet\u0151s\u00e9g\u00fcnk ezekre a fejleszt\u00e9sekre az elk\u00f6vetkez\u0151 \u00e9vekben. Ami viszont m\u00e1r elkezd\u0151d\u00f6tt, az a l\u00f3-szaporod\u00e1sbiol\u00f3giai klinikai munka. Ez ember\u00f6lt\u0151k \u00f3ta hi\u00e1nyzott az egyetemen! \u00c1prilis elej\u00e9t\u0151l m\u00e9lyh\u0171t\u00f6tt, illetve friss sperm\u00e1s term\u00e9keny\u00edt\u00e9sre fogadunk lovakat, amihez rektor \u00far seg\u00edts\u00e9g\u00e9vel megkaptuk \u00e9s m\u00e1r azonnal fel is t\u00f6lt\u00f6tt\u00fck a kor\u00e1bban diszn\u00f3snak h\u00edvott ist\u00e1ll\u00f3t. Nagy \u00f6r\u00f6m\u00fcnkre szolg\u00e1l, hogy egy val\u00f3s ig\u00e9nyt tudunk ism\u00e9t kiszolg\u00e1lni, ami az egyetemi oktat\u00e1s szempontj\u00e1b\u00f3l is igen nagy el\u0151rel\u00e9p\u00e9st jelent.<\/p> <p><strong><em>\u2013 Hogyan l\u00e1tja a lovak j\u00f6v\u0151j\u00e9t?<\/em><\/strong><\/p> <p>\u2013 Nagyon rem\u00e9lem, hogy megmaradnak t\u00e1rs\u00e1llatnak. A l\u00f3sportban \u00e9s a lovassportban versenyz\u0151 \u00e1llatokat is idetartoz\u00f3knak tekintem, hiszen a l\u00f3 nem egy bicikli, amit az ember, ha lesz\u00e1ll r\u00f3la, nekid\u00f6nt a falnak, hanem egy m\u00e1sik \u00e9l\u0151l\u00e9ny, akivel egy\u00fctt kell \u00e9lni. A nyugati vil\u00e1g szinte m\u00e1r kiz\u00e1r\u00f3lag ekk\u00e9nt tartja a lovat. Munk\u00e1ra a mai napig is haszn\u00e1lj\u00e1k a lovat Magyarorsz\u00e1gon kisgazdas\u00e1gokban, hab\u00e1r egyre kisebb m\u00e9rt\u00e9kben. Ennek is nagyon \u00f6r\u00fcl\u00f6k, mert rem\u00e9lem, hogy ez is hozz\u00e1j\u00e1rulhat a magyar emberek l\u00f3 szeretet\u00e9nek \u00e9s hozz\u00e1\u00e9rt\u00e9s\u00e9nek meg\u0151rz\u00e9s\u00e9hez<\/p> <p><strong><em>\u2013 Melyek voltak az eddigi legnagyobb seb\u00e9szi \u00e9lm\u00e9nyei?<\/em><\/strong><\/p> <p>\u2013 Ami els\u0151re eszembe jut, az egy atresia coli eset volt Sv\u00e1jcban. Egy \u00fajsz\u00fcl\u00f6tt csik\u00f3ban hi\u00e1nyzott a vakb\u00e9l \u00e9s a vastagb\u00e9l k\u00f6z\u00f6tti \u00f6sszek\u00f6ttet\u00e9s. A vakb\u00e9lb\u0151l nem ment tov\u00e1bb a tartalom a vastagb\u00e9lbe, ez\u00e9rt m\u00e1r egynapos kor\u00e1ban s\u00falyos has\u0171ri f\u00e1jdalmai voltak. A m\u0171t\u00e9t sor\u00e1n improviz\u00e1lni kellett, ez\u00e9rt a Dr. T\u00f3th J\u00f3zseft\u0151l tanult speci\u00e1lis f\u0171r\u00e9sztechnik\u00e1val k\u00e9sz\u00edtettem egy anasztom\u00f3zist. A csik\u00f3b\u00f3l feln\u0151tt, eg\u00e9szs\u00e9ges l\u00f3 lett. Igen sok meghat\u00e1roz\u00f3 \u00e9lm\u00e9nyem volt m\u00e9g k\u00fcl\u00f6nb\u00f6z\u0151 subchondralis csont ciszt\u00e1s esetekkel els\u0151sorban a t\u00e9rd\u00edz\u00fcletben illetve a cs\u00fcd\u00edz\u00fcletben, amelyeket k\u00fcl\u00f6nb\u00f6z\u0151 transzplant\u00e1ci\u00f3s technik\u00e1kkal siker\u00fclt ism\u00e9t a versenyz\u00e9sbe visszajuttatnom, mely technik\u00e1k csak \u00e1ltalam alkalmazott megold\u00e1sok jelenleg ezekn\u00e9l az esetekn\u00e9l.<\/p> <p><strong><em>\u2013 Gondolom, a stressz ford\u00edtott ar\u00e1nyban \u00e1ll a \u201em\u0171t\u00e9ti ter\u00fclet nagys\u00e1g\u00e1val\u201d. Hogy tudja kezelni a munka fesz\u00fclts\u00e9g\u00e9t?<\/em><\/strong><\/p> <p>\u2013 Legink\u00e1bb azt viselem nehezen, ha \u00fagy \u00e9rzem, hogy valaki treh\u00e1nys\u00e1gb\u00f3l nem v\u00e9gzett el valamilyen munk\u00e1t, ami miatt egy l\u00f3 h\u00e1tr\u00e1nyt szenvedhet. De ahogy \u00f6regszem egyre ink\u00e1bb l\u00e1tom, hogy sokszor egy kedves sz\u00f3 t\u00f6bbet seg\u00edthet mint az elmarasztal\u00e1s. Ha m\u00f3dom van r\u00e1, igyekszem b\u00e9k\u00e9sebb m\u00f3don megoldani a probl\u00e9m\u00e1kat, mint kor\u00e1bban.<\/p> <p>Sz\u00e1momra a legjobb stressz old\u00f3 tev\u00e9kenys\u00e9g tov\u00e1bbra is a lovagl\u00e1s marad. E mellett olvasni is nagyon szeretek. De legeslegfontosabbnak a csal\u00e1di h\u00e1tteret, tartom, ami biztons\u00e1got ad \u00e9s b\u00e1rmilyen felmer\u00fcl\u0151 gond eset\u00e9n seg\u00edt.<\/p> <p><strong><em>\u2013 A Bod\u00f3 csal\u00e1d legend\u00e1san kiterjedt\u2026 <\/em><\/strong><\/p> <p>\u2013 \u2026 \u00c9desap\u00e1m id\u00e9n 90, \u00e9desany\u00e1m 87 \u00e9ves, testv\u00e9reimmel, a 36 unok\u00e1val \u00e9s 36 d\u00e9dunok\u00e1val egy\u00fctt a \u201esz\u0171k Bod\u00f3 csal\u00e1d\u201d t\u00f6bb mint 100 tagot sz\u00e1ml\u00e1l. Feles\u00e9gemmel egy\u00fctt a nagycsal\u00e1dot mindig j\u00f3 dolognak tartottuk, mindketten nagyon \u00f6r\u00fclt\u00fcnk neki, hogy n\u00e9gy sz\u00e9p gyermek sz\u00fclei lehet\u00fcnk. Feles\u00e9gem b\u00fcntet\u0151jog\u00e1sz. Az igen sok felel\u0151ss\u00e9ggel j\u00e1r\u00f3, neh\u00e9z munk\u00e1ja mellett a n\u00e9gy gyermek\u00fcnkkel kapcsolatos napi feladatokat \u00e9s anyai teend\u0151ket is hihetetlen energi\u00e1val \u00e9s hittel l\u00e1tja el, ami\u00e9rt \u00f6r\u00f6kk\u00e9 h\u00e1l\u00e1s leszek neki. Az \u0151 t\u00e1mogat\u00e1sa n\u00e9lk\u00fcl biztos, hogy nem ott lenn\u00e9k, ahol vagyok. 2001-ben az\u00e9rt k\u00f6lt\u00f6zt\u00fcnk Pestl\u0151rincre, hogy a Klinika \u00e9s a B\u00edr\u00f3s\u00e1g is lehet\u0151leg a k\u00f6zelben legyen. H\u00fasz perc m\u00e9g biztons\u00e1gos t\u00e1vols\u00e1g, ha sietni kell a m\u0171t\u0151be.<\/p> <p>Befejez\u00e9s\u00fcl m\u00e9g szeretn\u00e9k megeml\u00edteni n\u00e9h\u00e1ny dolgot, ami gyermekkorom \u00f3ta mozgat, felt\u00f6lt \u00e9s inspir\u00e1l. \u00d6t \u00e9ves korom \u00f3ta vagyok tagja a Regnum Marianum k\u00f6z\u00f6ss\u00e9gnek. Feln\u0151ttk\u00e9nt heti tal\u00e1lkoz\u00f3kat, nom\u00e1d, egy-hetes t\u00e1borokat szerveztem a 2000-es \u00e9vek elej\u00e9ig vezetettjeimnek. Ma gyermekeink j\u00e1rnak illetve vezetnek ilyen kisk\u00f6z\u00f6ss\u00e9geket, ami az \u201e\u00e1tkosban\u201d tiltott \u00e9s \u00fcld\u00f6z\u00f6tt tev\u00e9kenys\u00e9g volt. Az elm\u00falt 20 \u00e9vben feles\u00e9gemmel a CSJK (Csal\u00e1dok J\u00e9zusban k\u00f6z\u00f6ss\u00e9g) tagjai lett\u00fcnk, sz\u00e1mos rendezv\u00e9ny szervez\u0151i illetve r\u00e9sztvev\u0151i. T\u00f6bbek k\u00f6z\u00f6tt jegyesp\u00e1rok h\u00e1zass\u00e1gra val\u00f3 felk\u00e9sz\u00edt\u00e9s\u00e9ben vesz\u00fcnk r\u00e9szt 15 \u00e9ve. Azt gondolom, hogy ezek a dolgok megtart\u00f3 pill\u00e9rei lehetnek a kereszt\u00e9ny Magyarorsz\u00e1gnak.<\/p> <p>&nbsp;<\/p> <p><strong>Fot\u00f3 \u00e9s sz\u00f6veg:<\/strong> Bal\u00e1zs Guszt\u00e1v<\/p> <p>&nbsp;<\/p>","protected":false},"excerpt":{"rendered":"<p>A L\u00f3gy\u00f3gy\u00e1szati Tansz\u00e9k \u00e9s Klinika vezet\u0151je azok sor\u00e1ba tartozik, akiket csal\u00e1di gy\u00f6kerek is k\u00f6tnek az Alma Materhez. <\/p>\n","protected":false},"author":2518,"featured_media":0,"comment_status":"closed","ping_status":"closed","sticky":false,"template":"","format":"standard","meta":{"_acf_changed":false,"footnotes":""},"categories":[4,42],"tags":[],"class_list":["post-76952","post","type-post","status-publish","format-standard","hentry","category-hirek","category-kiemelt"],"acf":[],"_links":{"self":[{"href":"https:\/\/univet.hu\/hu\/wp-json\/wp\/v2\/posts\/76952","targetHints":{"allow":["GET"]}}],"collection":[{"href":"https:\/\/univet.hu\/hu\/wp-json\/wp\/v2\/posts"}],"about":[{"href":"https:\/\/univet.hu\/hu\/wp-json\/wp\/v2\/types\/post"}],"author":[{"embeddable":true,"href":"https:\/\/univet.hu\/hu\/wp-json\/wp\/v2\/users\/2518"}],"replies":[{"embeddable":true,"href":"https:\/\/univet.hu\/hu\/wp-json\/wp\/v2\/comments?post=76952"}],"version-history":[{"count":0,"href":"https:\/\/univet.hu\/hu\/wp-json\/wp\/v2\/posts\/76952\/revisions"}],"wp:attachment":[{"href":"https:\/\/univet.hu\/hu\/wp-json\/wp\/v2\/media?parent=76952"}],"wp:term":[{"taxonomy":"category","embeddable":true,"href":"https:\/\/univet.hu\/hu\/wp-json\/wp\/v2\/categories?post=76952"},{"taxonomy":"post_tag","embeddable":true,"href":"https:\/\/univet.hu\/hu\/wp-json\/wp\/v2\/tags?post=76952"}],"curies":[{"name":"wp","href":"https:\/\/api.w.org\/{rel}","templated":true}]}}