{"id":77188,"date":"2022-07-27T08:25:07","date_gmt":"2022-07-27T06:25:07","guid":{"rendered":"https:\/\/univet.hu\/?p=77188"},"modified":"2022-08-08T09:28:23","modified_gmt":"2022-08-08T07:28:23","slug":"elo-konyvtar-a-digitalis-keszsegfejleszteshez","status":"publish","type":"post","link":"https:\/\/univet.hu\/hu\/2022\/07\/elo-konyvtar-a-digitalis-keszsegfejleszteshez\/","title":{"rendered":"\u00c9l\u0151 k\u00f6nyvt\u00e1r &#8211; a digit\u00e1lis k\u00e9szs\u00e9gfejleszt\u00e9shez"},"content":{"rendered":"<p><span class=\"emphasis\">A Go Digital Go Global Erasmus+ projekt keret\u00e9n bel\u00fcl ker\u00fcl megszervez\u00e9sre az \u00c9l\u0151 K\u00f6nyvt\u00e1r esem\u00e9ny.\u00a0<\/span><\/p> <p>A projekt c\u00e9lja, hogy a fiatalokat olyan kompetenci\u00e1kkal ruh\u00e1zza fel, amelyek az <strong>online \u00e1ll\u00e1s megszerz\u00e9s\u00e9hez \u00e9s megtart\u00e1s\u00e1hoz \u00e9s\/vagy az online v\u00e1llalkoz\u00f3i tev\u00e9kenys\u00e9ghez sz\u00fcks\u00e9gesek. <\/strong>Olyan <strong>k\u00e9szs\u00e9gekkel v\u00e9rtezze fel<\/strong> a fiatalokat, melyek seg\u00edts\u00e9g\u00e9vel a digitaliz\u00e1lt vil\u00e1g k\u00f6zelebb ker\u00fcl hozz\u00e1juk, \u00e9s k\u00f6nnyebben v\u00e1llalhatnak online munk\u00e1t, vagy v\u00e9gezhetnek r\u00e9szben olyan feladatokat, melyek az online t\u00e9rben t\u00f6rt\u00e9nnek.<\/p> <p>A projekt <strong>4 orsz\u00e1g<\/strong> megval\u00f3s\u00edt\u00e1s\u00e1val j\u00f6n l\u00e9tre (Olaszorsz\u00e1g, Bulg\u00e1ria, Magyarorsz\u00e1g, Portug\u00e1lia). Minden\u00a0orsz\u00e1gban szervez\u00fcnk egy-egy \u00c9l\u0151 K\u00f6nyvt\u00e1r rendezv\u00e9nyt \u00e9s Magyarorsz\u00e1gon, ez az \u00fajszer\u0171 \u00f6tlet az <strong>\u00c1llatorvostudom\u00e1nyi Egyetem<\/strong> gy\u00f6ny\u00f6r\u0171 szecesszi\u00f3s\u00a0k\u00f6nyvt\u00e1r\u00e1ban val\u00f3sul meg.<\/p> <p>Az \u00c9l\u0151 K\u00f6nyvt\u00e1r egy nem form\u00e1lis oktat\u00e1si eszk\u00f6z, mely \u00e9rz\u00e9keny,\u00a0vagy \u00fajszer\u0171 t\u00e9m\u00e1k bemutat\u00e1s\u00e1t seg\u00edti k\u00f6zvetlen tapasztalat \u00fatj\u00e1n. Az \u00c9l\u0151 K\u00f6nyvt\u00e1r kezdetben egy kih\u00edv\u00e1st jelent\u0151 eszk\u00f6z volt, \u00e1ltal\u00e1ban el\u0151\u00edt\u00e9letek \u00e9s diszkrimin\u00e1ci\u00f3 feldolgoz\u00e1s\u00e1r\u00f3l sz\u00f3lt, de azt\u00e1n tov\u00e1bb b\u0151v\u00fclt, hogy \u00e9rdekes \u00e9s \u00fajszer\u0171 t\u00e9m\u00e1kat is feldolgozzon, vonz\u00f3 m\u00f3don. \u00dagy m\u0171k\u00f6dik,\u00a0mint egy norm\u00e1l k\u00f6nyvt\u00e1rban: a l\u00e1togat\u00f3k a katal\u00f3gusban b\u00f6ng\u00e9szhetik az el\u00e9rhet\u0151 c\u00edmeket, kiv\u00e1laszthatj\u00e1k az olvasni k\u00edv\u00e1nt k\u00f6nyvet, \u00e9s korl\u00e1tozott id\u0151re k\u00f6lcs\u00f6n\u00f6zni tudj\u00e1k azokat. Elolvas\u00e1s ut\u00e1n visszaviszik a k\u00f6nyvet a k\u00f6nyvt\u00e1rba, \u00e9s ha akarnak, k\u00f6lcs\u00f6n\u00f6znek m\u00e1sikat. <strong>Az egyetlen k\u00fcl\u00f6nbs\u00e9g az, hogy az \u00c9l\u0151 K\u00f6nyvt\u00e1rban a k\u00f6nyvek emberek, az olvas\u00e1s pedig besz\u00e9lget\u00e9sb\u0151l \u00e1ll.\u00a0<\/strong><\/p> <p><strong>A t\u00e9ma ehhez az \u00c9l\u0151 K\u00f6nyvt\u00e1rhoz a t\u00e1vmunka, az online karrier, az online v\u00e1llalkoz\u00e1s, digit\u00e1lis nomadizmus lesz.<\/strong><\/p> <p>A \u201eK\u00f6nyvek\u201d olyan emberek lesznek, akik besz\u00e9lni tudnak szem\u00e9lyes tapasztalataikon kereszt\u00fcl ezekr\u0151l a t\u00e9m\u00e1kr\u00f3l, \u00e9s v\u00e1laszolni tudnak az \u201eOlvas\u00f3k\u201d b\u00e1rmely k\u00e9rd\u00e9s\u00e9re, megvitatni \u00e9s megt\u00f6rni a sztereot\u00edpi\u00e1kat, elmes\u00e9lni \u00e9letutjukat,\u00a0amely az ilyen foglalkoztat\u00e1shoz vezetett, \u00e9s \u00e1ltal\u00e1ban jobban megmagyar\u00e1zz\u00e1k a t\u00e1vmunka el\u0151nyeit \u00e9s h\u00e1tr\u00e1nyait, elmes\u00e9lik pozit\u00edv \u00e9s negat\u00edv tapasztalataikat, ez\u00e1ltal \u00e1tadj\u00e1k azt is, hogy milyen k\u00e9szs\u00e9gek sz\u00fcks\u00e9gesek a digit\u00e1lis munkav\u00e1llal\u00e1shoz.<br \/> Az \u00c9l\u0151 K\u00f6nyvt\u00e1r r\u00e9sztvev\u0151i egyik &#8222;k\u00f6nyvr\u0151l&#8221; a m\u00e1sikra v\u00e1ndorolnak, \u00edgy a maximum inform\u00e1ci\u00f3t kapj\u00e1k arr\u00f3l, ami \u00e9rdekli \u0151ket.<\/p> <p>Az esem\u00e9ny <strong>2022. augusztus 6-\u00e1n 10 \u00e9s 13 \u00f3ra<\/strong> k\u00f6z\u00f6tt lesz az \u00c1llatorvostudom\u00e1nyi Egyetem K\u00f6nyvt\u00e1r\u00e1ban.\u00a0Az esem\u00e9ny <strong>ingyenes, de regisztr\u00e1ci\u00f3hoz k\u00f6t\u00f6tt.\u00a0<\/strong><\/p> <p><strong>Regisztr\u00e1lni<\/strong> itt lehet:\u00a0 <a href=\"https:\/\/forms.gle\/HP2szbgw9DehvERM6\">https:\/\/forms.gle\/HP2szbgw9DehvERM6<\/a><\/p> <h5><a href=\"https:\/\/www.youtube.com\/watch?v=q4b6OJVEsZE\">N\u00e9zd meg az \u00c9l\u0151 K\u00f6nyvt\u00e1r \u00c9l\u0151 K\u00f6nyveit!<\/a><\/h5> <p>&nbsp;<\/p> <p><a href=\"https:\/\/univet.hu\/hu\/2022\/07\/27\/elo-konyvtar-a-digitalis-keszsegfejleszteshez\/living-library-2\/\" rel=\"attachment wp-att-77192\"><img loading=\"lazy\" decoding=\"async\" class=\"aligncenter size-full wp-image-77192\" src=\"https:\/\/univet.hu\/wp-content\/uploads\/2022\/07\/LIVING-LIBRARY-2.jpg\" alt=\"\" width=\"1653\" height=\"2340\" srcset=\"https:\/\/univet.hu\/wp-content\/uploads\/2022\/07\/LIVING-LIBRARY-2.jpg 1653w, https:\/\/univet.hu\/wp-content\/uploads\/2022\/07\/LIVING-LIBRARY-2-226x320.jpg 226w, https:\/\/univet.hu\/wp-content\/uploads\/2022\/07\/LIVING-LIBRARY-2-768x1087.jpg 768w, https:\/\/univet.hu\/wp-content\/uploads\/2022\/07\/LIVING-LIBRARY-2-678x960.jpg 678w\" sizes=\"auto, (max-width: 1653px) 100vw, 1653px\" \/><\/a><\/p>","protected":false},"excerpt":{"rendered":"<p>A projekt c\u00e9lja, hogy a fiatalokat olyan kompetenci\u00e1kkal ruh\u00e1zza fel, amelyek az online \u00e1ll\u00e1s megszerz\u00e9s\u00e9hez \u00e9s megtart\u00e1s\u00e1hoz \u00e9s\/vagy az online v\u00e1llalkoz\u00f3i tev\u00e9kenys\u00e9ghez sz\u00fcks\u00e9gesek.<\/p>\n","protected":false},"author":2518,"featured_media":0,"comment_status":"closed","ping_status":"closed","sticky":false,"template":"","format":"standard","meta":{"_acf_changed":false,"footnotes":""},"categories":[31,42],"tags":[],"class_list":["post-77188","post","type-post","status-publish","format-standard","hentry","category-esemenyek","category-kiemelt"],"acf":[],"_links":{"self":[{"href":"https:\/\/univet.hu\/hu\/wp-json\/wp\/v2\/posts\/77188","targetHints":{"allow":["GET"]}}],"collection":[{"href":"https:\/\/univet.hu\/hu\/wp-json\/wp\/v2\/posts"}],"about":[{"href":"https:\/\/univet.hu\/hu\/wp-json\/wp\/v2\/types\/post"}],"author":[{"embeddable":true,"href":"https:\/\/univet.hu\/hu\/wp-json\/wp\/v2\/users\/2518"}],"replies":[{"embeddable":true,"href":"https:\/\/univet.hu\/hu\/wp-json\/wp\/v2\/comments?post=77188"}],"version-history":[{"count":0,"href":"https:\/\/univet.hu\/hu\/wp-json\/wp\/v2\/posts\/77188\/revisions"}],"wp:attachment":[{"href":"https:\/\/univet.hu\/hu\/wp-json\/wp\/v2\/media?parent=77188"}],"wp:term":[{"taxonomy":"category","embeddable":true,"href":"https:\/\/univet.hu\/hu\/wp-json\/wp\/v2\/categories?post=77188"},{"taxonomy":"post_tag","embeddable":true,"href":"https:\/\/univet.hu\/hu\/wp-json\/wp\/v2\/tags?post=77188"}],"curies":[{"name":"wp","href":"https:\/\/api.w.org\/{rel}","templated":true}]}}