{"id":80488,"date":"2022-11-16T15:31:16","date_gmt":"2022-11-16T14:31:16","guid":{"rendered":"https:\/\/univet.hu\/?p=80488"},"modified":"2022-11-24T13:42:48","modified_gmt":"2022-11-24T12:42:48","slug":"dr-horvath-tamas-a-vilag-legtobbet-idezett-kutatoi-kozott","status":"publish","type":"post","link":"https:\/\/univet.hu\/hu\/2022\/11\/dr-horvath-tamas-a-vilag-legtobbet-idezett-kutatoi-kozott\/","title":{"rendered":"Dr. Horv\u00e1th Tam\u00e1s a vil\u00e1g legt\u00f6bbet id\u00e9zett kutat\u00f3i k\u00f6z\u00f6tt"},"content":{"rendered":"<p>Gratul\u00e1lunk Dr. Horv\u00e1th Tam\u00e1s koll\u00e9g\u00e1nknak &#8211; aki a Yale Egyetem Orvostudom\u00e1nyi Kar\u00e1nak \u00e9s az \u00c1llatorvostudom\u00e1nyi Egyetem, Anat\u00f3miai \u00e9s Sz\u00f6vettani Tansz\u00e9k\u00e9nek kutat\u00f3professzora &#8211; a vil\u00e1g legt\u00f6bbet id\u00e9zett kutat\u00f3inak list\u00e1j\u00e1ra ker\u00fcl\u00e9s\u00e9hez.<\/p> <p>Horv\u00e1th Tam\u00e1s az \u00c1TE Anat\u00f3miai \u00e9s Sz\u00f6vettani Tansz\u00e9k\u00e9nek oktat\u00f3ja, harmadik gener\u00e1ci\u00f3s \u00e1llatorvosk\u00e9nt Budapesten v\u00e9gzett 1992-ben. PhD-fokozatot szint\u00e9n Magyarorsz\u00e1gon szerzett biol\u00f3giai tudom\u00e1nyokban. Kutat\u00e1si ter\u00fclete a k\u00f6zponti idegrendszer endokrin szab\u00e1lyoz\u00e1sban bet\u00f6lt\u00f6tt szerep\u00e9nek vizsg\u00e1lata, tudom\u00e1nyos munk\u00e1ss\u00e1g\u00e1nak eredm\u00e9nyeit a t\u00e1pl\u00e1lkoz\u00e1skutat\u00e1sban is hasznos\u00edtj\u00e1k.<\/p> <p>A lista elk\u00e9sz\u00edt\u00e9s\u00e9n\u00e9l a 2011 \u00e9s 2021 k\u00f6z\u00f6tt megjelent legid\u00e9zettebb, legfeljebb 30 szerz\u0151j\u0171 k\u00f6zlem\u00e9nyeket vett\u00e9k figyelembe. A v\u00e1logat\u00e1sba olyan publik\u00e1ci\u00f3k ker\u00fclhettek be, amelyek a hivatkoz\u00e1sok sz\u00e1ma szerint, saj\u00e1t szakter\u00fclet\u00fck\u00f6n a legfels\u0151 1 sz\u00e1zal\u00e9kba tartoznak.<\/p> <p>A list\u00e1n tov\u00e1bbi n\u00e9gy, magyar int\u00e9zm\u00e9nyekben kutat\u00f3 szakember tal\u00e1lhat\u00f3:\u00a0Dr. Ferdinandy P\u00e9ter \u00e9s\u00a0Dr. Gy\u0151rffy Bal\u00e1zs a Semmelweis Egyetemr\u0151l, Dr. Demetrovics Zsolt az ELTE-r\u0151l\u00a0 \u00e9s Dr. Szolnoki Attila, aki az MTA munkat\u00e1rsa.<\/p> <p>Tov\u00e1bbi inform\u00e1ci\u00f3k: <a href=\"https:\/\/clarivate.com\/highly-cited-researchers\/\">https:\/\/clarivate.com\/highly-cited-researchers\/<\/a><\/p>","protected":false},"excerpt":{"rendered":"<p>A lista elk\u00e9sz\u00edt\u00e9s\u00e9n\u00e9l a 2011 \u00e9s 2021 k\u00f6z\u00f6tt megjelent legid\u00e9zettebb, legfeljebb 30 szerz\u0151j\u0171 k\u00f6zlem\u00e9nyeket vett\u00e9k figyelembe. <\/p>\n","protected":false},"author":2518,"featured_media":0,"comment_status":"closed","ping_status":"closed","sticky":false,"template":"","format":"standard","meta":{"_acf_changed":false,"footnotes":""},"categories":[4,42],"tags":[],"class_list":["post-80488","post","type-post","status-publish","format-standard","hentry","category-hirek","category-kiemelt"],"acf":[],"_links":{"self":[{"href":"https:\/\/univet.hu\/hu\/wp-json\/wp\/v2\/posts\/80488","targetHints":{"allow":["GET"]}}],"collection":[{"href":"https:\/\/univet.hu\/hu\/wp-json\/wp\/v2\/posts"}],"about":[{"href":"https:\/\/univet.hu\/hu\/wp-json\/wp\/v2\/types\/post"}],"author":[{"embeddable":true,"href":"https:\/\/univet.hu\/hu\/wp-json\/wp\/v2\/users\/2518"}],"replies":[{"embeddable":true,"href":"https:\/\/univet.hu\/hu\/wp-json\/wp\/v2\/comments?post=80488"}],"version-history":[{"count":0,"href":"https:\/\/univet.hu\/hu\/wp-json\/wp\/v2\/posts\/80488\/revisions"}],"wp:attachment":[{"href":"https:\/\/univet.hu\/hu\/wp-json\/wp\/v2\/media?parent=80488"}],"wp:term":[{"taxonomy":"category","embeddable":true,"href":"https:\/\/univet.hu\/hu\/wp-json\/wp\/v2\/categories?post=80488"},{"taxonomy":"post_tag","embeddable":true,"href":"https:\/\/univet.hu\/hu\/wp-json\/wp\/v2\/tags?post=80488"}],"curies":[{"name":"wp","href":"https:\/\/api.w.org\/{rel}","templated":true}]}}