{"id":83901,"date":"2023-03-13T09:34:44","date_gmt":"2023-03-13T08:34:44","guid":{"rendered":"https:\/\/univet.hu\/?p=83901"},"modified":"2023-03-13T09:55:00","modified_gmt":"2023-03-13T08:55:00","slug":"gyaszhir-elhunyt-dr-kutas-ferenc","status":"publish","type":"post","link":"https:\/\/univet.hu\/hu\/2023\/03\/gyaszhir-elhunyt-dr-kutas-ferenc\/","title":{"rendered":"Gy\u00e1szh\u00edr: elhunyt Dr. Kutas Ferenc"},"content":{"rendered":"<p><a href=\"https:\/\/univet.hu\/hu\/2023\/02\/20\/gyaszhir-elhunyt-dr-kutas-ferenc\/kutas-ferenc_gyaszjelentes_gyaszmise\/\" rel=\"attachment wp-att-84477\"><img loading=\"lazy\" decoding=\"async\" class=\"alignleft size-full wp-image-84477\" src=\"https:\/\/univet.hu\/wp-content\/uploads\/2023\/02\/Kutas-Ferenc_gy\u00e1szjelent\u00e9s_gy\u00e1szmise.jpg\" alt=\"\" width=\"2339\" height=\"1654\" srcset=\"https:\/\/univet.hu\/wp-content\/uploads\/2023\/02\/Kutas-Ferenc_gy\u00e1szjelent\u00e9s_gy\u00e1szmise.jpg 2339w, https:\/\/univet.hu\/wp-content\/uploads\/2023\/02\/Kutas-Ferenc_gy\u00e1szjelent\u00e9s_gy\u00e1szmise-320x226.jpg 320w, https:\/\/univet.hu\/wp-content\/uploads\/2023\/02\/Kutas-Ferenc_gy\u00e1szjelent\u00e9s_gy\u00e1szmise-768x543.jpg 768w, https:\/\/univet.hu\/wp-content\/uploads\/2023\/02\/Kutas-Ferenc_gy\u00e1szjelent\u00e9s_gy\u00e1szmise-960x679.jpg 960w\" sizes=\"auto, (max-width: 2339px) 100vw, 2339px\" \/><\/a><\/p>","protected":false},"excerpt":{"rendered":"<p>Megrend\u00fclten tudatjuk, hogy Dr. Kutas Ferenc, professzor emeritus, az MTA doktora, az \u00c9lettani \u00e9s Biok\u00e9miai Tansz\u00e9k vil\u00e1gh\u00edr\u0171 professzora, 93 \u00e9ves kor\u00e1ban elhunyt.<\/p>\n","protected":false},"author":2518,"featured_media":0,"comment_status":"closed","ping_status":"closed","sticky":false,"template":"","format":"standard","meta":{"_acf_changed":false,"footnotes":""},"categories":[4,42],"tags":[],"class_list":["post-83901","post","type-post","status-publish","format-standard","hentry","category-hirek","category-kiemelt"],"acf":[],"_links":{"self":[{"href":"https:\/\/univet.hu\/hu\/wp-json\/wp\/v2\/posts\/83901","targetHints":{"allow":["GET"]}}],"collection":[{"href":"https:\/\/univet.hu\/hu\/wp-json\/wp\/v2\/posts"}],"about":[{"href":"https:\/\/univet.hu\/hu\/wp-json\/wp\/v2\/types\/post"}],"author":[{"embeddable":true,"href":"https:\/\/univet.hu\/hu\/wp-json\/wp\/v2\/users\/2518"}],"replies":[{"embeddable":true,"href":"https:\/\/univet.hu\/hu\/wp-json\/wp\/v2\/comments?post=83901"}],"version-history":[{"count":0,"href":"https:\/\/univet.hu\/hu\/wp-json\/wp\/v2\/posts\/83901\/revisions"}],"wp:attachment":[{"href":"https:\/\/univet.hu\/hu\/wp-json\/wp\/v2\/media?parent=83901"}],"wp:term":[{"taxonomy":"category","embeddable":true,"href":"https:\/\/univet.hu\/hu\/wp-json\/wp\/v2\/categories?post=83901"},{"taxonomy":"post_tag","embeddable":true,"href":"https:\/\/univet.hu\/hu\/wp-json\/wp\/v2\/tags?post=83901"}],"curies":[{"name":"wp","href":"https:\/\/api.w.org\/{rel}","templated":true}]}}